{"id":6242,"date":"2026-01-07T15:41:51","date_gmt":"2026-01-07T14:41:51","guid":{"rendered":"https:\/\/www.gevorkyan.eu\/patria-finance-wchodzi-do-sk-i-zapewnia-latwiejszy-dostep-do-akcji-gevorkyan\/"},"modified":"2026-04-22T15:15:47","modified_gmt":"2026-04-22T13:15:47","slug":"patria-finance-wchodzi-do-sk-i-zapewnia-latwiejszy-dostep-do-akcji-gevorkyan","status":"publish","type":"post","link":"https:\/\/www.gevorkyan.eu\/pl\/patria-finance-wchodzi-do-sk-i-zapewnia-latwiejszy-dostep-do-akcji-gevorkyan\/","title":{"rendered":"Patria Finance wchodzi do SK i zapewnia \u0142atwiejszy dost\u0119p do akcji GEVORKYAN"},"content":{"rendered":"\n<p>Patria Finance, czeski lider w dziedzinie inwestowania online, wszed\u0142 na rynek s\u0142owacki, otwieraj\u0105c oddzia\u0142 w Bratys\u0142awie i wprowadzaj\u0105c swoj\u0105 platform\u0119 transakcyjn\u0105 i aplikacj\u0119 w j\u0119zyku s\u0142owackim.<br><br><em>&#8220;Jako sp\u00f3\u0142ka notowana w Bratys\u0142awie i Pradze jeste\u015bmy \u015bwiadomi, \u017ce S\u0142owacja potrzebuje bardziej aktywnego rynku kapita\u0142owego. Od d\u0142u\u017cszego czasu widzimy zainteresowanie s\u0142owackich inwestor\u00f3w detalicznych naszymi akcjami, ale jednocze\u015bnie dostrzegamy potrzeb\u0119 prostszego podej\u015bcia do handlu. Dlatego z zadowoleniem przyjmujemypojawienie si\u0119 Patria Finance, ciesz\u0105cej si\u0119 dobr\u0105 reputacj\u0105 wiarygodnego partnera, kt\u00f3ry mo\u017ce nada\u0107 s\u0142owackiemu rynkowi niezb\u0119dny impuls<\/em>&#8221; &#8211; m\u00f3wi Artur Gevorkyan, Prezes Zarz\u0105du GEVORKYAN,. a.s. <\/p>\n<p>Wi\u0119cej na <a href=\"https:\/\/www.patriafinance.sk\/\" target=\"_blank\" rel=\"noopener\">www.patriafinance.sk<\/a><\/p>\n","protected":false},"excerpt":{"rendered":"<p>Patria Finance, czeski lider w dziedzinie inwestowania online, wszed\u0142 na rynek s\u0142owacki, otwieraj\u0105c oddzia\u0142 w Bratys\u0142awie i wprowadzaj\u0105c swoj\u0105 platform\u0119 transakcyjn\u0105 i aplikacj\u0119 w j\u0119zyku s\u0142owackim. &#8220;Jako sp\u00f3\u0142ka notowana w Bratys\u0142awie i Pradze jeste\u015bmy \u015bwiadomi, \u017ce S\u0142owacja potrzebuje bardziej aktywnego rynku kapita\u0142owego. Od d\u0142u\u017cszego czasu widzimy zainteresowanie s\u0142owackich inwestor\u00f3w detalicznych naszymi akcjami, ale jednocze\u015bnie dostrzegamy [&#8230;]\n","protected":false},"author":4,"featured_media":6241,"comment_status":"closed","ping_status":"closed","sticky":false,"template":"","format":"standard","meta":{"_acf_changed":false,"footnotes":""},"categories":[116],"tags":[],"class_list":["post-6242","post","type-post","status-publish","format-standard","has-post-thumbnail","hentry","category-komunikaty-prasowe"],"acf":[],"_links":{"self":[{"href":"https:\/\/www.gevorkyan.eu\/pl\/wp-json\/wp\/v2\/posts\/6242","targetHints":{"allow":["GET"]}}],"collection":[{"href":"https:\/\/www.gevorkyan.eu\/pl\/wp-json\/wp\/v2\/posts"}],"about":[{"href":"https:\/\/www.gevorkyan.eu\/pl\/wp-json\/wp\/v2\/types\/post"}],"author":[{"embeddable":true,"href":"https:\/\/www.gevorkyan.eu\/pl\/wp-json\/wp\/v2\/users\/4"}],"replies":[{"embeddable":true,"href":"https:\/\/www.gevorkyan.eu\/pl\/wp-json\/wp\/v2\/comments?post=6242"}],"version-history":[{"count":0,"href":"https:\/\/www.gevorkyan.eu\/pl\/wp-json\/wp\/v2\/posts\/6242\/revisions"}],"wp:featuredmedia":[{"embeddable":true,"href":"https:\/\/www.gevorkyan.eu\/pl\/wp-json\/wp\/v2\/media\/6241"}],"wp:attachment":[{"href":"https:\/\/www.gevorkyan.eu\/pl\/wp-json\/wp\/v2\/media?parent=6242"}],"wp:term":[{"taxonomy":"category","embeddable":true,"href":"https:\/\/www.gevorkyan.eu\/pl\/wp-json\/wp\/v2\/categories?post=6242"},{"taxonomy":"post_tag","embeddable":true,"href":"https:\/\/www.gevorkyan.eu\/pl\/wp-json\/wp\/v2\/tags?post=6242"}],"curies":[{"name":"wp","href":"https:\/\/api.w.org\/{rel}","templated":true}]}}