{"id":6222,"date":"2026-01-28T08:00:35","date_gmt":"2026-01-28T07:00:35","guid":{"rendered":"https:\/\/www.gevorkyan.eu\/spiekany-pancerz\/"},"modified":"2026-04-22T13:26:06","modified_gmt":"2026-04-22T11:26:06","slug":"spiekany-pancerz","status":"publish","type":"post","link":"https:\/\/www.gevorkyan.eu\/pl\/spiekany-pancerz\/","title":{"rendered":"Spiekany pancerz"},"content":{"rendered":"\n<p>GEVORKYAN, a.s. rozszerza swoj\u0105 dzia\u0142alno\u015b\u0107 w dziedzinie technologii obronnych o nowy program rozwoju skoncentrowany na ochronie pancerza dla kilku rodzaj\u00f3w zastosowa\u0144. Projekt dotyczy rozwi\u0105za\u0144 zaprojektowanych do ochrony zar\u00f3wno ludzi, jak i sprz\u0119tu wojskowego. Know-how firmy umo\u017cliwia produkcj\u0119 niezwykle lekkich komponent\u00f3w o wyj\u0105tkowych w\u0142a\u015bciwo\u015bciach ochronnych.  <\/p>\n\n<p><br>&#8220;Naszym celem by\u0142o zapewnienie wy\u017cszego poziomu bezpiecze\u0144stwa w po\u0142\u0105czeniu z wyj\u0105tkowo nisk\u0105 wag\u0105. W dzisiejszych czasach jest to kluczowy parametr dla ochrony wszystkiego, co musi wystartowa\u0107 lub by\u0107 przenoszone przez cz\u0142owieka. Cieszymy si\u0119, \u017ce mo\u017cemy w pe\u0142ni korzysta\u0107 z do\u015bwiadczenia naszych koleg\u00f3w z polskiego oddzia\u0142u przy tym projekcie, a tak\u017ce z naszej obecno\u015bci na polskim rynku&#8221; &#8211; m\u00f3wi Dipl. Ing. Artur Gevorkyan.   <\/p>\n<p><br>Najnowocze\u015bniejsze zastosowania metalurgii proszk\u00f3w umo\u017cliwiaj\u0105 ukierunkowane projektowanie w\u0142a\u015bciwo\u015bci materia\u0142u i mikrostruktury, otwieraj\u0105c mo\u017cliwo\u015bci rozwi\u0105za\u0144, kt\u00f3rych nie mog\u0105 zapewni\u0107 konwencjonalne procesy produkcyjne. Rozw\u00f3j ochrony pancerza ma potencja\u0142, aby skonsolidowa\u0107 pozycj\u0119 GEVORKYAN w sektorze obronnym, gdzie zapotrzebowanie na innowacyjne rozwi\u0105zania technologiczne ro\u015bnie od d\u0142u\u017cszego czasu. <\/p>\n\n<p style=\"text-align: right;\"><a href=\"_wp_link_placeholder\" data-wplink-edit=\"true\"><img decoding=\"async\" class=\"alignnone size-full wp-image-4744\" src=\"https:\/\/www.gevorkyan.eu\/wp-content\/uploads\/AI-generovana-vizualizace-ilustracni.png\" alt=\"\" width=\"1536\" height=\"1024\"><\/a><\/p>\n\n<p><em>Wizualizacja generowana przez sztuczn\u0105 inteligencj\u0119 (ilustracja)<\/em><\/p>\n\n<p><strong>O GEVORKYAN<\/strong><br\/>GEVORKYAN, a.s. jest wiod\u0105c\u0105 europejsk\u0105 firm\u0105 w bran\u017cy metalurgii proszk\u00f3w, globalnym dostawc\u0105 dla du\u017cych mi\u0119dzynarodowych firm i jedn\u0105 z najbardziej innowacyjnych firm na \u015bwiecie w tym sektorze. Wi\u0119cej informacji mo\u017cna znale\u017a\u0107 na stronie www.gevorkyan.eu. <\/p>\n\n<p><br><strong>Informacje kontaktowe:<\/strong><br>Media: Alexandra Hazuchov\u00e1, marketing@gevorkyan.sk<\/p>\n","protected":false},"excerpt":{"rendered":"<p>GEVORKYAN, a.s. rozszerza swoj\u0105 dzia\u0142alno\u015b\u0107 w dziedzinie technologii obronnych o nowy program rozwoju skoncentrowany na ochronie pancerza dla kilku rodzaj\u00f3w zastosowa\u0144. Projekt dotyczy rozwi\u0105za\u0144 zaprojektowanych do ochrony zar\u00f3wno ludzi, jak i sprz\u0119tu wojskowego. Know-how firmy umo\u017cliwia produkcj\u0119 niezwykle lekkich komponent\u00f3w o wyj\u0105tkowych w\u0142a\u015bciwo\u015bciach ochronnych. &#8220;Naszym celem by\u0142o zapewnienie wy\u017cszego poziomu bezpiecze\u0144stwa w po\u0142\u0105czeniu z wyj\u0105tkowo [&#8230;]\n","protected":false},"author":4,"featured_media":6221,"comment_status":"closed","ping_status":"closed","sticky":false,"template":"","format":"standard","meta":{"_acf_changed":false,"footnotes":""},"categories":[119,116],"tags":[],"class_list":["post-6222","post","type-post","status-publish","format-standard","has-post-thumbnail","hentry","category-aktualnosci","category-komunikaty-prasowe"],"acf":[],"_links":{"self":[{"href":"https:\/\/www.gevorkyan.eu\/pl\/wp-json\/wp\/v2\/posts\/6222","targetHints":{"allow":["GET"]}}],"collection":[{"href":"https:\/\/www.gevorkyan.eu\/pl\/wp-json\/wp\/v2\/posts"}],"about":[{"href":"https:\/\/www.gevorkyan.eu\/pl\/wp-json\/wp\/v2\/types\/post"}],"author":[{"embeddable":true,"href":"https:\/\/www.gevorkyan.eu\/pl\/wp-json\/wp\/v2\/users\/4"}],"replies":[{"embeddable":true,"href":"https:\/\/www.gevorkyan.eu\/pl\/wp-json\/wp\/v2\/comments?post=6222"}],"version-history":[{"count":0,"href":"https:\/\/www.gevorkyan.eu\/pl\/wp-json\/wp\/v2\/posts\/6222\/revisions"}],"wp:featuredmedia":[{"embeddable":true,"href":"https:\/\/www.gevorkyan.eu\/pl\/wp-json\/wp\/v2\/media\/6221"}],"wp:attachment":[{"href":"https:\/\/www.gevorkyan.eu\/pl\/wp-json\/wp\/v2\/media?parent=6222"}],"wp:term":[{"taxonomy":"category","embeddable":true,"href":"https:\/\/www.gevorkyan.eu\/pl\/wp-json\/wp\/v2\/categories?post=6222"},{"taxonomy":"post_tag","embeddable":true,"href":"https:\/\/www.gevorkyan.eu\/pl\/wp-json\/wp\/v2\/tags?post=6222"}],"curies":[{"name":"wp","href":"https:\/\/api.w.org\/{rel}","templated":true}]}}