{"id":6165,"date":"2026-03-02T08:00:00","date_gmt":"2026-03-02T07:00:00","guid":{"rendered":"https:\/\/www.gevorkyan.eu\/gevorkyan-w-norymberdze-nowe-projekty-warte-dziesiatki-milionow-euro\/"},"modified":"2026-04-22T13:06:57","modified_gmt":"2026-04-22T11:06:57","slug":"gevorkyan-w-norymberdze-nowe-projekty-warte-dziesiatki-milionow-euro","status":"publish","type":"post","link":"https:\/\/www.gevorkyan.eu\/pl\/gevorkyan-w-norymberdze-nowe-projekty-warte-dziesiatki-milionow-euro\/","title":{"rendered":"GEVORKYAN w Norymberdze: nowe projekty warte dziesi\u0105tki milion\u00f3w euro"},"content":{"rendered":"\n<p><strong>GEVORKYAN, a.s.<\/strong> zaprezentowa\u0142 si\u0119 <strong>jako wystawca<\/strong> na dw\u00f3ch wydarzeniach w Norymberdze w Niemczech w zesz\u0142ym tygodniu: <strong>Enforce Tac,<\/strong> specjalistycznych targach obrony i bezpiecze\u0144stwa oraz <strong>IWA OutdoorClassics,<\/strong> jednych z g\u0142\u00f3wnych mi\u0119dzynarodowych targ\u00f3w outdoorowych, my\u015bliwskich i strzeleckich.<\/p>\n<p><em>&#8220;Cieszymy si\u0119 nie tylko z nawi\u0105zania nowych kontakt\u00f3w, ale tak\u017ce z wysokiej jako\u015bci negocjacji z obecnymi klientami w sprawie mo\u017cliwego rozszerzenia wsp\u00f3\u0142pracy i nowych zastosowa\u0144<\/em>&#8220;, m\u00f3wi Dipl.-Ing. Artur Gevorkyan, Prezes Zarz\u0105du GEVORKYAN, a.s.<\/p>\n<p>Wed\u0142ug firmy, <strong>zwi\u0119kszone zainteresowanie<\/strong> odwiedzaj\u0105cych i partner\u00f3w by\u0142o r\u00f3wnie\u017c zauwa\u017calne <strong>ze wzgl\u0119du na rozszerzenie mo\u017cliwo\u015bci materia\u0142owych i produkcyjnych. <\/strong>Na pierwszy plan wysun\u0119\u0142y si\u0119 <strong>nowe projekty w dziedzinie materia\u0142\u00f3w ceramicznych i twardych metali.<\/strong> Spotkania zaowocowa\u0142y konkretnymi zapytaniami ofertowymi na produkcj\u0119 seryjn\u0105, a tak\u017ce dalszymi konsultacjami technicznymi. <strong>Wst\u0119pne wewn\u0119trzne szacunki<\/strong> sugeruj\u0105, \u017ce <strong>wielko\u015b\u0107 nowych mo\u017cliwo\u015bci,<\/strong> kt\u00f3re s\u0105 obecnie przedmiotem negocjacji, mo\u017ce wynie\u015b\u0107 <strong>od siedmiu do dziewi\u0119ciu dziesi\u0105tek milion\u00f3w euro<\/strong>, je\u015bli zostan\u0105 one dalej rozwini\u0119te <strong>.<\/strong><\/p>\n<p><strong>O GEVORKYANIE<\/strong><\/p>\n<p>GEVORKYAN, a.s. jest wiod\u0105c\u0105 europejsk\u0105 firm\u0105 zajmuj\u0105c\u0105 si\u0119 metalurgi\u0105 proszk\u00f3w, globalnym dostawc\u0105 dla du\u017cych mi\u0119dzynarodowych firm i jedn\u0105 z najbardziej innowacyjnych firm w tym sektorze na \u015bwiecie. Wi\u0119cej informacji mo\u017cna znale\u017a\u0107 na stronie <a href=\"https:\/\/www.gevorkyan.eu\/pl\/\">www.gevorkyan.eu.<\/a> <\/p>\n<p><strong><em>Informacje kontaktowe:<\/em><\/strong><\/p>\n<p>Media: Alexandra Hazuchov\u00e1, <a href=\"mailto:marketing@gevorkyan.sk\">marketing@gevorkyan.sk<\/a><\/p>\n","protected":false},"excerpt":{"rendered":"<p>GEVORKYAN, a.s. zaprezentowa\u0142 si\u0119 jako wystawca na dw\u00f3ch wydarzeniach w Norymberdze w Niemczech w zesz\u0142ym tygodniu: Enforce Tac, specjalistycznych targach obrony i bezpiecze\u0144stwa oraz IWA OutdoorClassics, jednych z g\u0142\u00f3wnych mi\u0119dzynarodowych targ\u00f3w outdoorowych, my\u015bliwskich i strzeleckich. &#8220;Cieszymy si\u0119 nie tylko z nawi\u0105zania nowych kontakt\u00f3w, ale tak\u017ce z wysokiej jako\u015bci negocjacji z obecnymi klientami w sprawie mo\u017cliwego [&#8230;]\n","protected":false},"author":4,"featured_media":6164,"comment_status":"closed","ping_status":"closed","sticky":false,"template":"","format":"standard","meta":{"_acf_changed":false,"footnotes":""},"categories":[119,116],"tags":[],"class_list":["post-6165","post","type-post","status-publish","format-standard","has-post-thumbnail","hentry","category-aktualnosci","category-komunikaty-prasowe"],"acf":[],"_links":{"self":[{"href":"https:\/\/www.gevorkyan.eu\/pl\/wp-json\/wp\/v2\/posts\/6165","targetHints":{"allow":["GET"]}}],"collection":[{"href":"https:\/\/www.gevorkyan.eu\/pl\/wp-json\/wp\/v2\/posts"}],"about":[{"href":"https:\/\/www.gevorkyan.eu\/pl\/wp-json\/wp\/v2\/types\/post"}],"author":[{"embeddable":true,"href":"https:\/\/www.gevorkyan.eu\/pl\/wp-json\/wp\/v2\/users\/4"}],"replies":[{"embeddable":true,"href":"https:\/\/www.gevorkyan.eu\/pl\/wp-json\/wp\/v2\/comments?post=6165"}],"version-history":[{"count":0,"href":"https:\/\/www.gevorkyan.eu\/pl\/wp-json\/wp\/v2\/posts\/6165\/revisions"}],"wp:featuredmedia":[{"embeddable":true,"href":"https:\/\/www.gevorkyan.eu\/pl\/wp-json\/wp\/v2\/media\/6164"}],"wp:attachment":[{"href":"https:\/\/www.gevorkyan.eu\/pl\/wp-json\/wp\/v2\/media?parent=6165"}],"wp:term":[{"taxonomy":"category","embeddable":true,"href":"https:\/\/www.gevorkyan.eu\/pl\/wp-json\/wp\/v2\/categories?post=6165"},{"taxonomy":"post_tag","embeddable":true,"href":"https:\/\/www.gevorkyan.eu\/pl\/wp-json\/wp\/v2\/tags?post=6165"}],"curies":[{"name":"wp","href":"https:\/\/api.w.org\/{rel}","templated":true}]}}