{"id":6158,"date":"2026-03-09T11:33:12","date_gmt":"2026-03-09T10:33:12","guid":{"rendered":"https:\/\/www.gevorkyan.eu\/trend-po-szwecji-i-polsce-gevorkyan-robi-zakupy-we-wloszech\/"},"modified":"2026-04-22T12:54:09","modified_gmt":"2026-04-22T10:54:09","slug":"trend-po-szwecji-i-polsce-gevorkyan-robi-zakupy-we-wloszech","status":"publish","type":"post","link":"https:\/\/www.gevorkyan.eu\/pl\/trend-po-szwecji-i-polsce-gevorkyan-robi-zakupy-we-wloszech\/","title":{"rendered":"TREND: Po Szwecji i Polsce Gevorkyan robi zakupy we W\u0142oszech"},"content":{"rendered":"\n<p><a href=\"_wp_link_placeholder\" data-wplink-edit=\"true\"><img decoding=\"async\" class=\"alignnone size-full wp-image-5404\" src=\"https:\/\/www.gevorkyan.eu\/wp-content\/uploads\/be5377b4-b004-48c8-95d5-2c6f2599ee87_blob.webp\" alt=\"\" width=\"1024\" height=\"682\"><\/a><\/p>\n\n<p data-start=\"312\" data-end=\"662\"><em>&#8220;Firmie uda\u0142o si\u0119 wej\u015b\u0107 na Prask\u0105 Gie\u0142d\u0119 Papier\u00f3w Warto\u015bciowych, uruchomi\u0107 plan akcjonariatu pracowniczego (ESOP) i utworzy\u0107 sp\u00f3\u0142k\u0119 zale\u017cn\u0105 skoncentrowan\u0105 na przemy\u015ble obronnym&#8230;&#8221;<\/em> pisze redaktor Peter Scherhaufer.<\/p>\n<p data-start=\"664\" data-end=\"725\">Przeczytaj nowy artyku\u0142 o GEVORKYANIE w <strong data-start=\"713\" data-end=\"724\">TREND <\/strong>tutaj: <strong data-start=\"713\" data-end=\"724\"><a href=\"https:\/\/www.trend.sk\/biznis\/svedsku-polsku-nakupuje-gevorkyan-taliansku\" target=\"_blank\" rel=\"noopener\">Po Szwecji i Polsce, Gevorkyan robi zakupy we W\u0142oszech | TREND<\/a><\/strong><\/p>\n","protected":false},"excerpt":{"rendered":"<p>&#8220;Firmie uda\u0142o si\u0119 wej\u015b\u0107 na Prask\u0105 Gie\u0142d\u0119 Papier\u00f3w Warto\u015bciowych, uruchomi\u0107 plan akcjonariatu pracowniczego (ESOP) i utworzy\u0107 sp\u00f3\u0142k\u0119 zale\u017cn\u0105 skoncentrowan\u0105 na przemy\u015ble obronnym&#8230;&#8221; pisze redaktor Peter Scherhaufer. Przeczytaj nowy artyku\u0142 o GEVORKYANIE w TREND tutaj: Po Szwecji i Polsce, Gevorkyan robi zakupy we W\u0142oszech | TREND<\/p>\n","protected":false},"author":4,"featured_media":6157,"comment_status":"closed","ping_status":"closed","sticky":false,"template":"","format":"standard","meta":{"_acf_changed":false,"footnotes":""},"categories":[119,136,118],"tags":[],"class_list":["post-6158","post","type-post","status-publish","format-standard","has-post-thumbnail","hentry","category-aktualnosci","category-gevorkyan-sinteris-italia","category-gevorkyan-w-mediach"],"acf":[],"_links":{"self":[{"href":"https:\/\/www.gevorkyan.eu\/pl\/wp-json\/wp\/v2\/posts\/6158","targetHints":{"allow":["GET"]}}],"collection":[{"href":"https:\/\/www.gevorkyan.eu\/pl\/wp-json\/wp\/v2\/posts"}],"about":[{"href":"https:\/\/www.gevorkyan.eu\/pl\/wp-json\/wp\/v2\/types\/post"}],"author":[{"embeddable":true,"href":"https:\/\/www.gevorkyan.eu\/pl\/wp-json\/wp\/v2\/users\/4"}],"replies":[{"embeddable":true,"href":"https:\/\/www.gevorkyan.eu\/pl\/wp-json\/wp\/v2\/comments?post=6158"}],"version-history":[{"count":0,"href":"https:\/\/www.gevorkyan.eu\/pl\/wp-json\/wp\/v2\/posts\/6158\/revisions"}],"wp:featuredmedia":[{"embeddable":true,"href":"https:\/\/www.gevorkyan.eu\/pl\/wp-json\/wp\/v2\/media\/6157"}],"wp:attachment":[{"href":"https:\/\/www.gevorkyan.eu\/pl\/wp-json\/wp\/v2\/media?parent=6158"}],"wp:term":[{"taxonomy":"category","embeddable":true,"href":"https:\/\/www.gevorkyan.eu\/pl\/wp-json\/wp\/v2\/categories?post=6158"},{"taxonomy":"post_tag","embeddable":true,"href":"https:\/\/www.gevorkyan.eu\/pl\/wp-json\/wp\/v2\/tags?post=6158"}],"curies":[{"name":"wp","href":"https:\/\/api.w.org\/{rel}","templated":true}]}}