{"id":6135,"date":"2026-03-11T13:59:08","date_gmt":"2026-03-11T12:59:08","guid":{"rendered":"https:\/\/www.gevorkyan.eu\/patria-gevorkyan-przyspiesza-wzrost-dzieki-nowym-projektom-i-przejeciom-przychody-i-ebitda-rosna-w-tempie-dwucyfrowym\/"},"modified":"2026-04-22T10:43:00","modified_gmt":"2026-04-22T08:43:00","slug":"patria-gevorkyan-przyspiesza-wzrost-dzieki-nowym-projektom-i-przejeciom-przychody-i-ebitda-rosna-w-tempie-dwucyfrowym","status":"publish","type":"post","link":"https:\/\/www.gevorkyan.eu\/pl\/patria-gevorkyan-przyspiesza-wzrost-dzieki-nowym-projektom-i-przejeciom-przychody-i-ebitda-rosna-w-tempie-dwucyfrowym\/","title":{"rendered":"PATRIA: GEVORKYAN przyspiesza wzrost dzi\u0119ki nowym projektom i przej\u0119ciom. Przychody i EBITDA rosn\u0105 w tempie dwucyfrowym"},"content":{"rendered":"\n<p class=\"isSelectedEnd\">Po opublikowaniu wst\u0119pnych wynik\u00f3w ekonomicznych za 2025 r. prezes zarz\u0105du GEVORKYAN udzieli\u0142 wywiadu portalowi finansowemu Patria Finance. W rozmowie z Josefem N\u011brme\u010dkiem om\u00f3wili g\u0142\u00f3wnie bie\u017c\u0105cy rozw\u00f3j firmy, nowe projekty, mo\u017cliwo\u015bci przej\u0119\u0107 i dalszy rozw\u00f3j firmy. <\/p>\n<p class=\"isSelectedEnd\">Wywiad dotyczy r\u00f3wnie\u017c rozwoju sprzeda\u017cy i EBITDA, nowych mo\u017cliwo\u015bci w bran\u017cy europejskiej oraz kierunku rozwoju firmy w najbli\u017cszej przysz\u0142o\u015bci.<\/p>\n<p class=\"isSelectedEnd\"><strong style=\"font-size: revert; color: initial;\">Artyku\u0142 wraz z podcastem wideo mo\u017cna znale\u017a\u0107 tutaj:<\/strong><\/p>\n<p><span style=\"text-decoration: underline;\"><a href=\"https:\/\/www.patria.cz\/zpravodajstvi\/video\/6865708\/gevorkyan-zrychluje-rust-diky-novym-projektum-i-akvizicim-trzby-a-ebitda-pridavaji-dvoucifernym-tempem.html\" target=\"_blank\" rel=\"noopener\">GEVORKYAN przyspiesza wzrost dzi\u0119ki nowym projektom i przej\u0119ciom. Przychody i EBITDA rosn\u0105 dwucyfrowo &#8211; Patria.cz <\/a><\/span><\/p>\n\n<p><img decoding=\"async\" class=\"alignnone size-full wp-image-5420\" src=\"https:\/\/www.gevorkyan.eu\/wp-content\/uploads\/1773159370979-1.jpg\" alt=\"\" width=\"1920\" height=\"1080\"><\/p>\n","protected":false},"excerpt":{"rendered":"<p>Po opublikowaniu wst\u0119pnych wynik\u00f3w ekonomicznych za 2025 r. prezes zarz\u0105du GEVORKYAN udzieli\u0142 wywiadu portalowi finansowemu Patria Finance. W rozmowie z Josefem N\u011brme\u010dkiem om\u00f3wili g\u0142\u00f3wnie bie\u017c\u0105cy rozw\u00f3j firmy, nowe projekty, mo\u017cliwo\u015bci przej\u0119\u0107 i dalszy rozw\u00f3j firmy. Wywiad dotyczy r\u00f3wnie\u017c rozwoju sprzeda\u017cy i EBITDA, nowych mo\u017cliwo\u015bci w bran\u017cy europejskiej oraz kierunku rozwoju firmy w najbli\u017cszej przysz\u0142o\u015bci. Artyku\u0142 [&#8230;]\n","protected":false},"author":4,"featured_media":6134,"comment_status":"closed","ping_status":"closed","sticky":false,"template":"","format":"standard","meta":{"_acf_changed":false,"footnotes":""},"categories":[117,118],"tags":[],"class_list":["post-6135","post","type-post","status-publish","format-standard","has-post-thumbnail","hentry","category-burza","category-gevorkyan-w-mediach"],"acf":[],"_links":{"self":[{"href":"https:\/\/www.gevorkyan.eu\/pl\/wp-json\/wp\/v2\/posts\/6135","targetHints":{"allow":["GET"]}}],"collection":[{"href":"https:\/\/www.gevorkyan.eu\/pl\/wp-json\/wp\/v2\/posts"}],"about":[{"href":"https:\/\/www.gevorkyan.eu\/pl\/wp-json\/wp\/v2\/types\/post"}],"author":[{"embeddable":true,"href":"https:\/\/www.gevorkyan.eu\/pl\/wp-json\/wp\/v2\/users\/4"}],"replies":[{"embeddable":true,"href":"https:\/\/www.gevorkyan.eu\/pl\/wp-json\/wp\/v2\/comments?post=6135"}],"version-history":[{"count":0,"href":"https:\/\/www.gevorkyan.eu\/pl\/wp-json\/wp\/v2\/posts\/6135\/revisions"}],"wp:featuredmedia":[{"embeddable":true,"href":"https:\/\/www.gevorkyan.eu\/pl\/wp-json\/wp\/v2\/media\/6134"}],"wp:attachment":[{"href":"https:\/\/www.gevorkyan.eu\/pl\/wp-json\/wp\/v2\/media?parent=6135"}],"wp:term":[{"taxonomy":"category","embeddable":true,"href":"https:\/\/www.gevorkyan.eu\/pl\/wp-json\/wp\/v2\/categories?post=6135"},{"taxonomy":"post_tag","embeddable":true,"href":"https:\/\/www.gevorkyan.eu\/pl\/wp-json\/wp\/v2\/tags?post=6135"}],"curies":[{"name":"wp","href":"https:\/\/api.w.org\/{rel}","templated":true}]}}