{"id":6104,"date":"2026-03-24T08:30:00","date_gmt":"2026-03-24T07:30:00","guid":{"rendered":"https:\/\/www.gevorkyan.eu\/przejecie-bez-zadluzenia-zwiekszenie-free-floatu\/"},"modified":"2026-04-22T10:29:57","modified_gmt":"2026-04-22T08:29:57","slug":"przejecie-bez-zadluzenia-zwiekszenie-free-floatu","status":"publish","type":"post","link":"https:\/\/www.gevorkyan.eu\/pl\/przejecie-bez-zadluzenia-zwiekszenie-free-floatu\/","title":{"rendered":"Przej\u0119cie bez zad\u0142u\u017cenia. Zwi\u0119kszenie free floatu."},"content":{"rendered":"\n<p>GEVORKYAN, a.s. og\u0142asza pomy\u015blne wdro\u017cenie ABB, w ramach kt\u00f3rego pozyska\u0142 kapita\u0142 na dalszy rozw\u00f3j mocy produkcyjnych, innowacje technologiczne i wzmocnienie swojej pozycji na rynkach mi\u0119dzynarodowych, w tym inwestycje w robotyk\u0119 i automatyk\u0119. Zgodnie z tymi celami pozyskano niezb\u0119dne \u015brodki na pokrycie m.in. niedawnej akwizycji we W\u0142oszech. Jednocze\u015bnie, dzi\u0119ki ABB, sp\u00f3\u0142ka zwi\u0119kszy\u0142a sw\u00f3j free float na Praskiej Gie\u0142dzie Papier\u00f3w Warto\u015bciowych, co by\u0142o wielokrotnie rekomendowane przez ekspert\u00f3w jako warunek konieczny do zwi\u0119kszenia p\u0142ynno\u015bci.  <\/p>\n<p><em>&#8220;Postrzegamy ABB jako logiczny krok dla sp\u00f3\u0142ki, kt\u00f3ra jest ju\u017c notowana na gie\u0142dzie, aby wspiera\u0107 rozw\u00f3j biznesu, a tym samym zwi\u0119ksza\u0107 warto\u015b\u0107 dla inwestor\u00f3w. Gdy firma zdecyduje si\u0119 wej\u015b\u0107 na gie\u0142d\u0119 poprzez IPO, logiczne jest, \u017ce w ko\u0144cu przyst\u0105pi do wt\u00f3rnego notowania. W naszym przypadku nie chcieli\u015bmy podejmowa\u0107 tak znacz\u0105cego kroku przed pojawieniem si\u0119 okazji do strategicznego przej\u0119cia. Wcze\u015bniej og\u0142osili\u015bmy zakup fabryki w Bolonii, a kluczow\u0105 r\u00f3\u017cnic\u0105 w stosunku do poprzednich przej\u0119\u0107 w Szwecji i Polsce jest utrzymanie produkcji i ekspansja dzia\u0142alno\u015bci we W\u0142oszech, w tym projekty dla lokalnego przemys\u0142u zbrojeniowego. Prace nad tym przej\u0119ciem trwa\u0142y prawie dwa lata, zanim wszystkie strony zaanga\u017cowane w ten proces osi\u0105gn\u0119\u0142y porozumienie<\/em>&#8221; &#8211; m\u00f3wi Dipl.-Ing. Artur Gevorkyan, prezes zarz\u0105du sp\u00f3\u0142ki.<\/p>\n<p>Informacje o ekspansji rynku w\u0142oskiego pomog\u0142y przyci\u0105gn\u0105\u0107 nowe projekty, w ramach kt\u00f3rych mi\u0119dzynarodowe firmy lokalizuj\u0105 swoj\u0105 sie\u0107 dostawc\u00f3w i przenosz\u0105 projekty dla swoich w\u0142oskich fabryk do GEVORKYAN, a.s. Og\u00f3lny post\u0119p GEVORKYAN w Europie w dzisiejszym burzliwym okresie jest zgodny z d\u0142ugoterminow\u0105 strategi\u0105 firmy, aby zapewni\u0107 pewno\u015b\u0107 swoim klientom poprzez konsolidacj\u0119 swojej pozycji lokalnego dostawcy z silnym zapleczem rozwojowym. <\/p>\n<p>GEVORKYAN, a.s. pragnie podzi\u0119kowa\u0107 HAVEL &amp; PARTNERS s.r.o., WOOD &amp; Company oraz Allen Overy Shearman Sterling (Czech Republic) LLP za fachowe doradztwo, profesjonalne podej\u015bcie i wsp\u00f3\u0142prac\u0119 przy realizacji ABB.<\/p>\n<p><img decoding=\"async\" class=\"alignnone size-full wp-image-5627\" src=\"https:\/\/www.gevorkyan.eu\/wp-content\/uploads\/posobenie-GEVORKYAN-a.s.png\" alt=\"\" width=\"1085\" height=\"760\"><\/p>\n\n<p><strong>O GEVORKYANIE<\/strong><\/p>\n\n<p>GEVORKYAN, a.s. jest wiod\u0105c\u0105 europejsk\u0105 firm\u0105 zajmuj\u0105c\u0105 si\u0119 metalurgi\u0105 proszk\u00f3w, globalnym dostawc\u0105 dla du\u017cych mi\u0119dzynarodowych firm i jedn\u0105 z najbardziej innowacyjnych firm w tym sektorze na \u015bwiecie. Wi\u0119cej informacji mo\u017cna znale\u017a\u0107 na stronie <a href=\"http:\/\/www.gevorkyan.eu\">www.gevorkyan.eu.<\/a> <\/p>\n\n<p><strong>Informacje kontaktowe:<\/strong><\/p>\n\n<p>Sprawy finansowe: Andrej B\u00e1tovsk\u00fd, <a href=\"mailto:andrej.batovsky@gevorkyan.sk\">andrej.batovsky@gevorkyan.sk<\/a><\/p>\n\n<p>Media: Alexandra Hazuchov\u00e1, <a href=\"mailto:marketing@gevorkyan.sk\">marketing@gevorkyan.sk<\/a><\/p>\n\n<p><strong>Ostrze\u017cenie:<\/strong><\/p>\n\n<p><em>Akcje GEVORKYAN, Inc. nie zosta\u0142y zarejestrowane zgodnie z ameryka\u0144sk\u0105 Ustaw\u0105 o papierach warto\u015bciowych z 1933 r. z p\u00f3\u017aniejszymi zmianami (&#8220;Ustawa o papierach warto\u015bciowych&#8221;) i nie mog\u0105 by\u0107 oferowane ani sprzedawane w Stanach Zjednoczonych bez rejestracji zgodnie z Ustaw\u0105 o papierach warto\u015bciowych lub stosownego zwolnienia z wymog\u00f3w rejestracyjnych.<\/em><\/p>\n","protected":false},"excerpt":{"rendered":"<p>GEVORKYAN, a.s. og\u0142asza pomy\u015blne wdro\u017cenie ABB, w ramach kt\u00f3rego pozyska\u0142 kapita\u0142 na dalszy rozw\u00f3j mocy produkcyjnych, innowacje technologiczne i wzmocnienie swojej pozycji na rynkach mi\u0119dzynarodowych, w tym inwestycje w robotyk\u0119 i automatyk\u0119. Zgodnie z tymi celami pozyskano niezb\u0119dne \u015brodki na pokrycie m.in. niedawnej akwizycji we W\u0142oszech. Jednocze\u015bnie, dzi\u0119ki ABB, sp\u00f3\u0142ka zwi\u0119kszy\u0142a sw\u00f3j free float na [&#8230;]\n","protected":false},"author":4,"featured_media":4263,"comment_status":"closed","ping_status":"closed","sticky":false,"template":"","format":"standard","meta":{"_acf_changed":false,"footnotes":""},"categories":[119,117,116],"tags":[],"class_list":["post-6104","post","type-post","status-publish","format-standard","has-post-thumbnail","hentry","category-aktualnosci","category-burza","category-komunikaty-prasowe"],"acf":[],"_links":{"self":[{"href":"https:\/\/www.gevorkyan.eu\/pl\/wp-json\/wp\/v2\/posts\/6104","targetHints":{"allow":["GET"]}}],"collection":[{"href":"https:\/\/www.gevorkyan.eu\/pl\/wp-json\/wp\/v2\/posts"}],"about":[{"href":"https:\/\/www.gevorkyan.eu\/pl\/wp-json\/wp\/v2\/types\/post"}],"author":[{"embeddable":true,"href":"https:\/\/www.gevorkyan.eu\/pl\/wp-json\/wp\/v2\/users\/4"}],"replies":[{"embeddable":true,"href":"https:\/\/www.gevorkyan.eu\/pl\/wp-json\/wp\/v2\/comments?post=6104"}],"version-history":[{"count":0,"href":"https:\/\/www.gevorkyan.eu\/pl\/wp-json\/wp\/v2\/posts\/6104\/revisions"}],"wp:featuredmedia":[{"embeddable":true,"href":"https:\/\/www.gevorkyan.eu\/pl\/wp-json\/wp\/v2\/media\/4263"}],"wp:attachment":[{"href":"https:\/\/www.gevorkyan.eu\/pl\/wp-json\/wp\/v2\/media?parent=6104"}],"wp:term":[{"taxonomy":"category","embeddable":true,"href":"https:\/\/www.gevorkyan.eu\/pl\/wp-json\/wp\/v2\/categories?post=6104"},{"taxonomy":"post_tag","embeddable":true,"href":"https:\/\/www.gevorkyan.eu\/pl\/wp-json\/wp\/v2\/tags?post=6104"}],"curies":[{"name":"wp","href":"https:\/\/api.w.org\/{rel}","templated":true}]}}