{"id":6061,"date":"2026-04-22T09:30:00","date_gmt":"2026-04-22T07:30:00","guid":{"rendered":"https:\/\/www.gevorkyan.eu\/?p=6061"},"modified":"2026-04-22T08:54:30","modified_gmt":"2026-04-22T06:54:30","slug":"bolonska-fabryka-sinteris-oficjalnie-czescia-grupy-gevorkyan","status":"publish","type":"post","link":"https:\/\/www.gevorkyan.eu\/pl\/bolonska-fabryka-sinteris-oficjalnie-czescia-grupy-gevorkyan\/","title":{"rendered":"Bolo\u0144ska fabryka Sinteris oficjalnie cz\u0119\u015bci\u0105 Grupy GEVORKYAN"},"content":{"rendered":"\n<p>GEVORKYAN, a.s. niniejszym informuje, \u017ce z dniem 22 kwietnia 2026 r. wesz\u0142a w \u017cycie transakcja, w wyniku kt\u00f3rej Sp\u00f3\u0142ka sta\u0142a si\u0119 100% w\u0142a\u015bcicielem Gevorkyan Sinteris Italia S.r.l., sp\u00f3\u0142ki z siedzib\u0105 w Bolonii. Poprzez Gevorkyan Sinteris Italia S.r.l., wszystkie aktywa w\u0142oskiego zak\u0142adu metalurgii proszk\u00f3w dzia\u0142aj\u0105cego wcze\u015bniej pod mark\u0105 Sinteris, w tym aktywa materialne i niematerialne oraz zarejestrowana marka, zosta\u0142y r\u00f3wnie\u017c nabyte w ramach transakcji. Jednocze\u015bnie krok ten zapewnia ci\u0105g\u0142o\u015b\u0107 istniej\u0105cych relacji biznesowych z klientami i dostawcami w\u0142oskiego zak\u0142adu, tworz\u0105c jednocze\u015bnie przestrze\u0144 do ich dalszego rozwoju.   <\/p>\n<p>Znaczenie finalizacji ca\u0142ego procesu i pozytywne oczekiwania co do dalszego wsp\u00f3lnego funkcjonowania potwierdzaj\u0105 w swoich wypowiedziach przedstawiciele obu stron.<\/p>\n<p><em>&#8220;Postrzegamy integracj\u0119 Sinteris z Grup\u0105 GEVORKYAN jako po\u0142\u0105czenie dw\u00f3ch marek o silnym do\u015bwiadczeniu zawodowym i licznych synergiach. Grupa GEVORKYAN jest firm\u0105 o ugruntowanej i stabilnej pozycji. Zdolno\u015bci innowacyjne Grupy w Polsce, Austrii i na S\u0142owacji stanowi\u0105 solidn\u0105 podstaw\u0119 dla rozwoju technologicznego i komercyjnego naszego zak\u0142adu w Bolonii, zar\u00f3wno w kraju, jak i na \u015bwiecie<\/em>&#8221; &#8211; m\u00f3wi in\u017c. Alessandro Salemi z Gevorkyan Sinteris Italia.<\/p>\n<p><em>&#8220;Cieszymy si\u0119, \u017ce tak renomowana marka z d\u0142ug\u0105 tradycj\u0105 jak Sinteris staje si\u0119 cz\u0119\u015bci\u0105 Grupy GEVORKYAN. Ju\u017c na tym etapie widzimy, \u017ce klienci pozytywnie postrzegaj\u0105 mo\u017cliwo\u015b\u0107 korzystania z obiekt\u00f3w obu fabryk, na S\u0142owacji i we W\u0142oszech, co przek\u0142ada si\u0119 na nowe projekty i wzrost d\u0142ugoterminowych kontrakt\u00f3w<\/em>&#8220;, m\u00f3wi Dipl.-Ing. Artur Gevorkyan, Prezes Zarz\u0105du GEVORKYAN, a.s.<\/p>\n<p><strong> <img decoding=\"async\" class=\"alignnone size-full wp-image-6049\" src=\"https:\/\/www.gevorkyan.eu\/wp-content\/uploads\/419.jpg\" alt=\"\" width=\"2448\" height=\"1958\"><\/strong><\/p>\n<p><strong>O GEVORKYANIE<\/strong><\/p>\n<p>GEVORKYAN, a.s. jest wiod\u0105c\u0105 europejsk\u0105 firm\u0105 zajmuj\u0105c\u0105 si\u0119 metalurgi\u0105 proszk\u00f3w, globalnym dostawc\u0105 dla du\u017cych mi\u0119dzynarodowych firm i jedn\u0105 z najbardziej innowacyjnych firm w tym sektorze na \u015bwiecie. Wi\u0119cej informacji mo\u017cna znale\u017a\u0107 na stronie <a href=\"http:\/\/www.gevorkyan.eu\">www.gevorkyan.eu.<\/a> <\/p>\n<p><strong>Informacje kontaktowe:<\/strong><\/p>\n<p>Media: Alexandra Hazuchov\u00e1, <a href=\"mailto:marketing@gevorkyan.sk\">marketing@gevorkyan.sk<\/a><\/p>\n","protected":false},"excerpt":{"rendered":"<p>GEVORKYAN, a.s. niniejszym informuje, \u017ce z dniem 22 kwietnia 2026 r. wesz\u0142a w \u017cycie transakcja, w wyniku kt\u00f3rej Sp\u00f3\u0142ka sta\u0142a si\u0119 100% w\u0142a\u015bcicielem Gevorkyan Sinteris Italia S.r.l., sp\u00f3\u0142ki z siedzib\u0105 w Bolonii. Poprzez Gevorkyan Sinteris Italia S.r.l., wszystkie aktywa w\u0142oskiego zak\u0142adu metalurgii proszk\u00f3w dzia\u0142aj\u0105cego wcze\u015bniej pod mark\u0105 Sinteris, w tym aktywa materialne i niematerialne oraz [&#8230;]\n","protected":false},"author":4,"featured_media":6060,"comment_status":"closed","ping_status":"closed","sticky":false,"template":"","format":"standard","meta":{"_acf_changed":false,"footnotes":""},"categories":[136,116],"tags":[],"class_list":["post-6061","post","type-post","status-publish","format-standard","has-post-thumbnail","hentry","category-gevorkyan-sinteris-italia","category-komunikaty-prasowe"],"acf":[],"_links":{"self":[{"href":"https:\/\/www.gevorkyan.eu\/pl\/wp-json\/wp\/v2\/posts\/6061","targetHints":{"allow":["GET"]}}],"collection":[{"href":"https:\/\/www.gevorkyan.eu\/pl\/wp-json\/wp\/v2\/posts"}],"about":[{"href":"https:\/\/www.gevorkyan.eu\/pl\/wp-json\/wp\/v2\/types\/post"}],"author":[{"embeddable":true,"href":"https:\/\/www.gevorkyan.eu\/pl\/wp-json\/wp\/v2\/users\/4"}],"replies":[{"embeddable":true,"href":"https:\/\/www.gevorkyan.eu\/pl\/wp-json\/wp\/v2\/comments?post=6061"}],"version-history":[{"count":0,"href":"https:\/\/www.gevorkyan.eu\/pl\/wp-json\/wp\/v2\/posts\/6061\/revisions"}],"wp:featuredmedia":[{"embeddable":true,"href":"https:\/\/www.gevorkyan.eu\/pl\/wp-json\/wp\/v2\/media\/6060"}],"wp:attachment":[{"href":"https:\/\/www.gevorkyan.eu\/pl\/wp-json\/wp\/v2\/media?parent=6061"}],"wp:term":[{"taxonomy":"category","embeddable":true,"href":"https:\/\/www.gevorkyan.eu\/pl\/wp-json\/wp\/v2\/categories?post=6061"},{"taxonomy":"post_tag","embeddable":true,"href":"https:\/\/www.gevorkyan.eu\/pl\/wp-json\/wp\/v2\/tags?post=6061"}],"curies":[{"name":"wp","href":"https:\/\/api.w.org\/{rel}","templated":true}]}}