{"id":6023,"date":"2026-04-14T10:00:00","date_gmt":"2026-04-14T08:00:00","guid":{"rendered":"https:\/\/www.gevorkyan.eu\/?p=6023"},"modified":"2026-04-22T19:27:57","modified_gmt":"2026-04-22T17:27:57","slug":"gevorkyan-sinteris-italia-synergia-rozszerza-dzialalnosc","status":"publish","type":"post","link":"https:\/\/www.gevorkyan.eu\/pl\/gevorkyan-sinteris-italia-synergia-rozszerza-dzialalnosc\/","title":{"rendered":"Gevorkyan Sinteris Italia &#8211; synergia rozszerza dzia\u0142alno\u015b\u0107"},"content":{"rendered":"\n\n\n<p>Pierwsze efekty synergii po przej\u0119ciu w\u0142oskiego zak\u0142adu metalurgii proszk\u00f3w zaczynaj\u0105 w pe\u0142ni dzia\u0142a\u0107.<\/p>\n<p>Jednym z pierwszych rezultat\u00f3w jest nowy projekt rozwojowy dla du\u017cej francuskiej firmy w dziedzinie nap\u0119d\u00f3w hydraulicznych i elektrycznych. Jest to klient oryginalnej w\u0142oskiej fabryki, a nowy projekt b\u0119dzie realizowany w \u015bcis\u0142ej wsp\u00f3\u0142pracy z paneuropejskim centrum rozwoju grupy zlokalizowanym na S\u0142owacji. Produkcja b\u0119dzie zlokalizowana na S\u0142owacji i we W\u0142oszech, a dostawy b\u0119d\u0105 realizowane do Francji, S\u0142owenii i W\u0142och.<\/p>\n<p>Pozytywne zmiany widoczne s\u0105 r\u00f3wnie\u017c w innych segmentach o wysokich wymaganiach dotycz\u0105cych jako\u015bci i niezawodno\u015bci. Dzi\u0119ki Gevorkyan Sinteris Italia, po d\u0142ugim okresie przygotowa\u0144 technicznych i proces\u00f3w zatwierdzania, projekty koncentruj\u0105ce si\u0119 na rozwi\u0105zaniach dla poci\u0105g\u00f3w du\u017cych pr\u0119dko\u015bci i przemys\u0142u lotniczego nabieraj\u0105 rozp\u0119du. Jest to pozytywna wiadomo\u015b\u0107 nie tylko dla rynku w\u0142oskiego, ale tak\u017ce dla Austrii i Czech, gdzie rozwi\u0105zania te otwieraj\u0105 przestrze\u0144 dla dalszego rozwoju komercyjnego i technologicznego.<\/p>\n<p><em>&#8220;Zaczynamy dostrzega\u0107 rzeczywiste rezultaty tego, czego spodziewali\u015bmy si\u0119 po tym przej\u0119ciu. Gevorkyan Sinteris Italia stopniowo staje si\u0119 naturaln\u0105 cz\u0119\u015bci\u0105 dzia\u0142alno\u015bci ca\u0142ej grupy, nie tylko w zakresie produkcji, ale tak\u017ce rozwoju, mo\u017cliwo\u015bci biznesowych i koordynacji dostaw na kilka rynk\u00f3w europejskich. Ta synergia, zbudowana na tradycyjnie wysokim poziomie technicznym w\u0142oskich in\u017cynier\u00f3w i doskona\u0142ym zespole rozwojowym na S\u0142owacji, przynosi rozszerzenie portfolio nowych projekt\u00f3w, wej\u015bcie w nowe segmenty i wzmocnienie naszej pozycji rynkowej na ca\u0142ym \u015bwiecie<\/em>&#8220;, m\u00f3wi Artur Gevorkyan, Prezes Zarz\u0105du GEVORKYAN, a.s.<\/p>\n<p>\u00a0<\/p>\n<p><strong>O GEVORKYANIE<\/strong><\/p>\n<p>GEVORKYAN, a.s. jest wiod\u0105c\u0105 europejsk\u0105 firm\u0105 zajmuj\u0105c\u0105 si\u0119 metalurgi\u0105 proszk\u00f3w, globalnym dostawc\u0105 dla du\u017cych mi\u0119dzynarodowych firm i jedn\u0105 z najbardziej innowacyjnych firm w tym sektorze na \u015bwiecie. Wi\u0119cej informacji mo\u017cna znale\u017a\u0107 na stronie <a href=\"http:\/\/www.gevorkyan.eu\">www.gevorkyan.eu.<\/a><\/p>\n<p><strong>Informacje kontaktowe:<\/strong><\/p>\n<p>Media: Alexandra Hazuchov\u00e1, <a href=\"mailto:marketing@gevorkyan.sk\">marketing@gevorkyan.sk<\/a><\/p>\n","protected":false},"excerpt":{"rendered":"<p>Pierwsze efekty synergii po przej\u0119ciu w\u0142oskiego zak\u0142adu metalurgii proszk\u00f3w zaczynaj\u0105 w pe\u0142ni dzia\u0142a\u0107. Jednym z pierwszych rezultat\u00f3w jest nowy projekt rozwojowy dla du\u017cej francuskiej firmy w dziedzinie nap\u0119d\u00f3w hydraulicznych i elektrycznych. Jest to klient oryginalnej w\u0142oskiej fabryki, a nowy projekt b\u0119dzie realizowany w \u015bcis\u0142ej wsp\u00f3\u0142pracy z paneuropejskim centrum rozwoju grupy zlokalizowanym na S\u0142owacji. Produkcja b\u0119dzie [&#8230;]\n","protected":false},"author":4,"featured_media":4188,"comment_status":"closed","ping_status":"closed","sticky":false,"template":"","format":"standard","meta":{"_acf_changed":false,"footnotes":""},"categories":[119,136,116],"tags":[],"class_list":["post-6023","post","type-post","status-publish","format-standard","has-post-thumbnail","hentry","category-aktualnosci","category-gevorkyan-sinteris-italia","category-komunikaty-prasowe"],"acf":[],"_links":{"self":[{"href":"https:\/\/www.gevorkyan.eu\/pl\/wp-json\/wp\/v2\/posts\/6023","targetHints":{"allow":["GET"]}}],"collection":[{"href":"https:\/\/www.gevorkyan.eu\/pl\/wp-json\/wp\/v2\/posts"}],"about":[{"href":"https:\/\/www.gevorkyan.eu\/pl\/wp-json\/wp\/v2\/types\/post"}],"author":[{"embeddable":true,"href":"https:\/\/www.gevorkyan.eu\/pl\/wp-json\/wp\/v2\/users\/4"}],"replies":[{"embeddable":true,"href":"https:\/\/www.gevorkyan.eu\/pl\/wp-json\/wp\/v2\/comments?post=6023"}],"version-history":[{"count":0,"href":"https:\/\/www.gevorkyan.eu\/pl\/wp-json\/wp\/v2\/posts\/6023\/revisions"}],"wp:featuredmedia":[{"embeddable":true,"href":"https:\/\/www.gevorkyan.eu\/pl\/wp-json\/wp\/v2\/media\/4188"}],"wp:attachment":[{"href":"https:\/\/www.gevorkyan.eu\/pl\/wp-json\/wp\/v2\/media?parent=6023"}],"wp:term":[{"taxonomy":"category","embeddable":true,"href":"https:\/\/www.gevorkyan.eu\/pl\/wp-json\/wp\/v2\/categories?post=6023"},{"taxonomy":"post_tag","embeddable":true,"href":"https:\/\/www.gevorkyan.eu\/pl\/wp-json\/wp\/v2\/tags?post=6023"}],"curies":[{"name":"wp","href":"https:\/\/api.w.org\/{rel}","templated":true}]}}