{"id":5577,"date":"2026-03-20T09:16:58","date_gmt":"2026-03-20T08:16:58","guid":{"rendered":"https:\/\/www.gevorkyan.eu\/kiedy-edukacja-wojskowa-laczy-sie-z-praktyka-przemyslowa\/"},"modified":"2026-03-20T09:42:31","modified_gmt":"2026-03-20T08:42:31","slug":"kiedy-edukacja-wojskowa-laczy-sie-z-praktyka-przemyslowa","status":"publish","type":"post","link":"https:\/\/www.gevorkyan.eu\/pl\/kiedy-edukacja-wojskowa-laczy-sie-z-praktyka-przemyslowa\/","title":{"rendered":"Kiedy edukacja wojskowa \u0142\u0105czy si\u0119 z praktyk\u0105 przemys\u0142ow\u0105"},"content":{"rendered":"\n<h2 class=\"wp-block-heading\"><\/h2>\n\n<p><em>Wsp\u00f3\u0142praca mi\u0119dzy instytucjami edukacyjnymi a praktyk\u0105 przemys\u0142ow\u0105 jest coraz wa\u017cniejsza w obecnym \u015brodowisku. Wizyta kadet\u00f3w Akademii Si\u0142 Zbrojnych w GEVORKYAN by\u0142a kolejnym krokiem w rozwoju tego d\u0142ugoterminowego partnerstwa. <\/em><\/p>\n<p><img decoding=\"async\" class=\"alignnone size-full wp-image-5537\" src=\"https:\/\/www.gevorkyan.eu\/wp-content\/uploads\/20260319_104433-1.jpeg\" alt=\"\" width=\"3765\" height=\"2824\"><\/p>\n<p data-start=\"490\" data-end=\"628\">Wczoraj powitali\u015bmy kadet\u00f3w czwartego roku Akademii Si\u0142 Zbrojnych genera\u0142a Milana Rastislava \u0160tef\u00e1nika w GEVORKYAN w Vlkanova. <\/p>\n<p data-start=\"630\" data-end=\"833\"><img decoding=\"async\" class=\"alignnone size-full wp-image-5532\" src=\"https:\/\/www.gevorkyan.eu\/wp-content\/uploads\/20260319_090141.jpg\" alt=\"\" width=\"4000\" height=\"3000\"><\/p>\n<p data-start=\"835\" data-end=\"1144\">Podczas wizyty mieli okazj\u0119 zobaczy\u0107, jak nasza firma dzia\u0142a w praktyce. Program obejmowa\u0142 zwiedzanie zak\u0142adu produkcyjnego, zapoznanie si\u0119 z procesami produkcyjnymi oraz wprowadzenie do codziennej rzeczywisto\u015bci przedsi\u0119biorstwa przemys\u0142owego. <\/p>\n<p data-start=\"835\" data-end=\"1144\"><img decoding=\"async\" class=\"alignnone size-full wp-image-5534\" src=\"https:\/\/www.gevorkyan.eu\/wp-content\/uploads\/20260319_094950.jpg\" alt=\"\" width=\"1600\" height=\"1200\"><\/p>\n<p data-start=\"835\" data-end=\"1144\">Bardzo doceniamy wieloletni\u0105 wsp\u00f3\u0142prac\u0119 z Akademi\u0105 Si\u0142 Zbrojnych i ju\u017c dzi\u015b widzimy du\u017cy potencja\u0142 dla jej dalszego rozwoju. Naturaln\u0105 penetracj\u0105 jest r\u00f3wnie\u017c dalszy kierunek GEVORKYAN, a.s. w dziedzinie nowoczesnej obrony, gdzie wsp\u00f3\u0142praca mi\u0119dzy instytucj\u0105 edukacyjn\u0105 a praktyk\u0105 przemys\u0142ow\u0105 przynosi wyra\u017an\u0105 warto\u015b\u0107. <\/p>\n<p data-start=\"835\" data-end=\"1144\"><img decoding=\"async\" class=\"alignnone size-full wp-image-5535\" src=\"https:\/\/www.gevorkyan.eu\/wp-content\/uploads\/20260319_095315.jpg\" alt=\"\" width=\"1600\" height=\"1200\"><\/p>\n<p data-start=\"1146\" data-end=\"1306\">Wierzymy, \u017ce takie spotkania przyczyniaj\u0105 si\u0119 r\u00f3wnie\u017c do wymiany do\u015bwiadcze\u0144, lepszej znajomo\u015bci \u015brodowiska przemys\u0142owego i tworz\u0105 przestrze\u0144 dla przysz\u0142ych wsp\u00f3lnych dzia\u0142a\u0144.<\/p>\n<p data-start=\"1308\" data-end=\"1362\">Dzi\u0119kujemy za wizyt\u0119 i cieszymy si\u0119 na dalsz\u0105 wsp\u00f3\u0142prac\u0119.<\/p>\n<p data-start=\"835\" data-end=\"1144\"><img decoding=\"async\" class=\"alignnone size-full wp-image-5536\" src=\"https:\/\/www.gevorkyan.eu\/wp-content\/uploads\/20260319_101003-rotated.jpg\" alt=\"\" width=\"3000\" height=\"4000\"><\/p>\n<p data-start=\"1430\" data-end=\"1655\"> <\/p>\n<p> <\/p>\n<p> <\/p>\n","protected":false},"excerpt":{"rendered":"<p>Wsp\u00f3\u0142praca mi\u0119dzy instytucjami edukacyjnymi a praktyk\u0105 przemys\u0142ow\u0105 jest coraz wa\u017cniejsza w obecnym \u015brodowisku. Wizyta kadet\u00f3w Akademii Si\u0142 Zbrojnych w GEVORKYAN by\u0142a kolejnym krokiem w rozwoju tego d\u0142ugoterminowego partnerstwa. Wczoraj powitali\u015bmy kadet\u00f3w czwartego roku Akademii Si\u0142 Zbrojnych genera\u0142a Milana Rastislava \u0160tef\u00e1nika w GEVORKYAN w Vlkanova. Podczas wizyty mieli okazj\u0119 zobaczy\u0107, jak nasza firma dzia\u0142a w praktyce. [&#8230;]\n","protected":false},"author":4,"featured_media":0,"comment_status":"closed","ping_status":"closed","sticky":false,"template":"","format":"standard","meta":{"_acf_changed":false,"footnotes":""},"categories":[119],"tags":[],"class_list":["post-5577","post","type-post","status-publish","format-standard","hentry","category-aktualnosci"],"acf":[],"_links":{"self":[{"href":"https:\/\/www.gevorkyan.eu\/pl\/wp-json\/wp\/v2\/posts\/5577","targetHints":{"allow":["GET"]}}],"collection":[{"href":"https:\/\/www.gevorkyan.eu\/pl\/wp-json\/wp\/v2\/posts"}],"about":[{"href":"https:\/\/www.gevorkyan.eu\/pl\/wp-json\/wp\/v2\/types\/post"}],"author":[{"embeddable":true,"href":"https:\/\/www.gevorkyan.eu\/pl\/wp-json\/wp\/v2\/users\/4"}],"replies":[{"embeddable":true,"href":"https:\/\/www.gevorkyan.eu\/pl\/wp-json\/wp\/v2\/comments?post=5577"}],"version-history":[{"count":0,"href":"https:\/\/www.gevorkyan.eu\/pl\/wp-json\/wp\/v2\/posts\/5577\/revisions"}],"wp:attachment":[{"href":"https:\/\/www.gevorkyan.eu\/pl\/wp-json\/wp\/v2\/media?parent=5577"}],"wp:term":[{"taxonomy":"category","embeddable":true,"href":"https:\/\/www.gevorkyan.eu\/pl\/wp-json\/wp\/v2\/categories?post=5577"},{"taxonomy":"post_tag","embeddable":true,"href":"https:\/\/www.gevorkyan.eu\/pl\/wp-json\/wp\/v2\/tags?post=5577"}],"curies":[{"name":"wp","href":"https:\/\/api.w.org\/{rel}","templated":true}]}}