{"id":6131,"date":"2026-03-11T13:59:08","date_gmt":"2026-03-11T12:59:08","guid":{"rendered":"https:\/\/www.gevorkyan.eu\/patria-gevorkyan-accelera-la-crescita-con-nuovi-progetti-e-acquisizioni-i-ricavi-e-lebitda-aumentano-a-doppia-cifra\/"},"modified":"2026-04-22T10:41:50","modified_gmt":"2026-04-22T08:41:50","slug":"patria-gevorkyan-accelera-la-crescita-con-nuovi-progetti-e-acquisizioni-i-ricavi-e-lebitda-aumentano-a-doppia-cifra","status":"publish","type":"post","link":"https:\/\/www.gevorkyan.eu\/it\/patria-gevorkyan-accelera-la-crescita-con-nuovi-progetti-e-acquisizioni-i-ricavi-e-lebitda-aumentano-a-doppia-cifra\/","title":{"rendered":"PATRIA: GEVORKYAN accelera la crescita con nuovi progetti e acquisizioni. I ricavi e l&#8217;EBITDA aumentano a doppia cifra"},"content":{"rendered":"\n<p class=\"isSelectedEnd\">Dopo la pubblicazione dei risultati economici preliminari per il 2025, il Presidente del Consiglio di Amministrazione di GEVORKYAN ha rilasciato un&#8217;intervista al portale finanziario Patria Finance. Nella discussione con Josef N\u011brme\u010dek si \u00e8 parlato principalmente dello sviluppo attuale dell&#8217;azienda, dei nuovi progetti, delle opportunit\u00e0 di acquisizione e dell&#8217;ulteriore crescita dell&#8217;azienda. <\/p>\n<p class=\"isSelectedEnd\">L&#8217;intervista riguarda anche l&#8217;andamento delle vendite e dell&#8217;EBITDA, le nuove opportunit\u00e0 nel settore europeo e la direzione dell&#8217;azienda nel prossimo futuro.<\/p>\n<p class=\"isSelectedEnd\"><strong style=\"font-size: revert; color: initial;\">L&#8217;articolo e il video podcast sono disponibili qui:<\/strong><\/p>\n<p><span style=\"text-decoration: underline;\"><a href=\"https:\/\/www.patria.cz\/zpravodajstvi\/video\/6865708\/gevorkyan-zrychluje-rust-diky-novym-projektum-i-akvizicim-trzby-a-ebitda-pridavaji-dvoucifernym-tempem.html\" target=\"_blank\" rel=\"noopener\">GEVORKYAN accelera la crescita attraverso nuovi progetti e acquisizioni. I ricavi e l&#8217;EBITDA aumentano a due cifre &#8211; Patria.cz <\/a><\/span><\/p>\n\n<p><img decoding=\"async\" class=\"alignnone size-full wp-image-5420\" src=\"https:\/\/www.gevorkyan.eu\/wp-content\/uploads\/1773159370979-1.jpg\" alt=\"\" width=\"1920\" height=\"1080\"><\/p>\n","protected":false},"excerpt":{"rendered":"<p>Dopo la pubblicazione dei risultati economici preliminari per il 2025, il Presidente del Consiglio di Amministrazione di GEVORKYAN ha rilasciato un&#8217;intervista al portale finanziario Patria Finance. Nella discussione con Josef N\u011brme\u010dek si \u00e8 parlato principalmente dello sviluppo attuale dell&#8217;azienda, dei nuovi progetti, delle opportunit\u00e0 di acquisizione e dell&#8217;ulteriore crescita dell&#8217;azienda. L&#8217;intervista riguarda anche l&#8217;andamento delle [&#8230;]\n","protected":false},"author":4,"featured_media":6130,"comment_status":"closed","ping_status":"closed","sticky":false,"template":"","format":"standard","meta":{"_acf_changed":false,"footnotes":""},"categories":[99,98],"tags":[],"class_list":["post-6131","post","type-post","status-publish","format-standard","has-post-thumbnail","hentry","category-gevorkyan-nei-media","category-la-tempesta"],"acf":[],"_links":{"self":[{"href":"https:\/\/www.gevorkyan.eu\/it\/wp-json\/wp\/v2\/posts\/6131","targetHints":{"allow":["GET"]}}],"collection":[{"href":"https:\/\/www.gevorkyan.eu\/it\/wp-json\/wp\/v2\/posts"}],"about":[{"href":"https:\/\/www.gevorkyan.eu\/it\/wp-json\/wp\/v2\/types\/post"}],"author":[{"embeddable":true,"href":"https:\/\/www.gevorkyan.eu\/it\/wp-json\/wp\/v2\/users\/4"}],"replies":[{"embeddable":true,"href":"https:\/\/www.gevorkyan.eu\/it\/wp-json\/wp\/v2\/comments?post=6131"}],"version-history":[{"count":0,"href":"https:\/\/www.gevorkyan.eu\/it\/wp-json\/wp\/v2\/posts\/6131\/revisions"}],"wp:featuredmedia":[{"embeddable":true,"href":"https:\/\/www.gevorkyan.eu\/it\/wp-json\/wp\/v2\/media\/6130"}],"wp:attachment":[{"href":"https:\/\/www.gevorkyan.eu\/it\/wp-json\/wp\/v2\/media?parent=6131"}],"wp:term":[{"taxonomy":"category","embeddable":true,"href":"https:\/\/www.gevorkyan.eu\/it\/wp-json\/wp\/v2\/categories?post=6131"},{"taxonomy":"post_tag","embeddable":true,"href":"https:\/\/www.gevorkyan.eu\/it\/wp-json\/wp\/v2\/tags?post=6131"}],"curies":[{"name":"wp","href":"https:\/\/api.w.org\/{rel}","templated":true}]}}