{"id":6123,"date":"2026-03-16T09:10:40","date_gmt":"2026-03-16T08:10:40","guid":{"rendered":"https:\/\/www.gevorkyan.eu\/in-borsa-come-gevorkyan-valuta-lanno-2025\/"},"modified":"2026-04-22T10:39:16","modified_gmt":"2026-04-22T08:39:16","slug":"in-borsa-come-gevorkyan-valuta-lanno-2025","status":"publish","type":"post","link":"https:\/\/www.gevorkyan.eu\/it\/in-borsa-come-gevorkyan-valuta-lanno-2025\/","title":{"rendered":"In Borsa: come GEVORKYAN valuta l&#8217;anno 2025"},"content":{"rendered":"\n<p data-start=\"161\" data-end=\"406\">Dopo la pubblicazione dei risultati finanziari preliminari per il 2025, Artur Gevorkyan \u00e8 stato ospite del podcast <strong data-start=\"259\" data-end=\"271\">Na Burze<\/strong>, dove ha discusso con <strong data-start=\"279\" data-end=\"311\">J. Tom\u00e1nek della Borsa di Praga<\/strong> i principali argomenti che hanno caratterizzato l&#8217;anno passato, nonch\u00e9 la direzione futura dell&#8217;azienda.<\/p>\n<p data-start=\"408\" data-end=\"704\">Nell&#8217;intervista si parla di acquisizioni, della crescente importanza dell&#8217;industria della difesa, della politica dei dividendi e della partecipazione azionaria dei dipendenti alle ESOP. La discussione fornisce anche informazioni su come l&#8217;azienda sta valutando i risultati preliminari per il 2025 e quali priorit\u00e0 sta definendo per il periodo successivo. <\/p>\n<p data-start=\"706\" data-end=\"760\">Il podcast \u00e8 disponibile in <strong data-start=\"728\" data-end=\"759\">lingua slovacca e ceca<\/strong>.<\/p>\n<p data-start=\"762\" data-end=\"804\"><strong data-start=\"762\" data-end=\"797\">Puoi ascoltare l&#8217;intero episodio qui:<\/strong> <a href=\"https:\/\/www.youtube.com\/watch?v=z_ujHJpjf48\" target=\"_blank\" rel=\"noopener\">Ancora acquisizioni in Italia e rafforzamento nel settore della difesa. Com&#8217;\u00e8 stato il 2025 per GEVORKYAN? &#8211; YouTube<\/a><\/p>\n","protected":false},"excerpt":{"rendered":"<p>Dopo la pubblicazione dei risultati finanziari preliminari per il 2025, Artur Gevorkyan \u00e8 stato ospite del podcast Na Burze, dove ha discusso con J. Tom\u00e1nek della Borsa di Praga i principali argomenti che hanno caratterizzato l&#8217;anno passato, nonch\u00e9 la direzione futura dell&#8217;azienda. Nell&#8217;intervista si parla di acquisizioni, della crescente importanza dell&#8217;industria della difesa, della politica [&#8230;]\n","protected":false},"author":4,"featured_media":6122,"comment_status":"closed","ping_status":"closed","sticky":false,"template":"","format":"standard","meta":{"_acf_changed":false,"footnotes":""},"categories":[99,98,95],"tags":[],"class_list":["post-6123","post","type-post","status-publish","format-standard","has-post-thumbnail","hentry","category-gevorkyan-nei-media","category-la-tempesta","category-notizie"],"acf":[],"_links":{"self":[{"href":"https:\/\/www.gevorkyan.eu\/it\/wp-json\/wp\/v2\/posts\/6123","targetHints":{"allow":["GET"]}}],"collection":[{"href":"https:\/\/www.gevorkyan.eu\/it\/wp-json\/wp\/v2\/posts"}],"about":[{"href":"https:\/\/www.gevorkyan.eu\/it\/wp-json\/wp\/v2\/types\/post"}],"author":[{"embeddable":true,"href":"https:\/\/www.gevorkyan.eu\/it\/wp-json\/wp\/v2\/users\/4"}],"replies":[{"embeddable":true,"href":"https:\/\/www.gevorkyan.eu\/it\/wp-json\/wp\/v2\/comments?post=6123"}],"version-history":[{"count":0,"href":"https:\/\/www.gevorkyan.eu\/it\/wp-json\/wp\/v2\/posts\/6123\/revisions"}],"wp:featuredmedia":[{"embeddable":true,"href":"https:\/\/www.gevorkyan.eu\/it\/wp-json\/wp\/v2\/media\/6122"}],"wp:attachment":[{"href":"https:\/\/www.gevorkyan.eu\/it\/wp-json\/wp\/v2\/media?parent=6123"}],"wp:term":[{"taxonomy":"category","embeddable":true,"href":"https:\/\/www.gevorkyan.eu\/it\/wp-json\/wp\/v2\/categories?post=6123"},{"taxonomy":"post_tag","embeddable":true,"href":"https:\/\/www.gevorkyan.eu\/it\/wp-json\/wp\/v2\/tags?post=6123"}],"curies":[{"name":"wp","href":"https:\/\/api.w.org\/{rel}","templated":true}]}}