{"id":5568,"date":"2026-03-20T09:16:58","date_gmt":"2026-03-20T08:16:58","guid":{"rendered":"https:\/\/www.gevorkyan.eu\/quando-leducazione-militare-si-collega-alla-pratica-industriale\/"},"modified":"2026-03-20T09:22:16","modified_gmt":"2026-03-20T08:22:16","slug":"quando-leducazione-militare-si-collega-alla-pratica-industriale","status":"publish","type":"post","link":"https:\/\/www.gevorkyan.eu\/it\/quando-leducazione-militare-si-collega-alla-pratica-industriale\/","title":{"rendered":"Quando l&#8217;educazione militare si collega alla pratica industriale"},"content":{"rendered":"\n<h2 class=\"wp-block-heading\"><\/h2>\n\n<p><em>La collaborazione tra le istituzioni educative e la pratica industriale \u00e8 sempre pi\u00f9 importante nell&#8217;ambiente attuale. La visita dei cadetti dell&#8217;Accademia delle Forze Armate alla GEVORKYAN \u00e8 stato un altro passo avanti nello sviluppo di questa partnership a lungo termine. <\/em><\/p>\n<p><img decoding=\"async\" class=\"alignnone size-full wp-image-5537\" src=\"https:\/\/www.gevorkyan.eu\/wp-content\/uploads\/20260319_104433-1.jpeg\" alt=\"\" width=\"3765\" height=\"2824\"><\/p>\n<p data-start=\"490\" data-end=\"628\">Ieri abbiamo dato il benvenuto ai cadetti del 4\u00b0 anno dell&#8217;Accademia delle Forze Armate del Generale Milan Rastislav \u0160tef\u00e1nik presso GEVORKYAN a Vlkanova. <\/p>\n<p data-start=\"630\" data-end=\"833\"><img decoding=\"async\" class=\"alignnone size-full wp-image-5532\" src=\"https:\/\/www.gevorkyan.eu\/wp-content\/uploads\/20260319_090141.jpg\" alt=\"\" width=\"4000\" height=\"3000\"><\/p>\n<p data-start=\"835\" data-end=\"1144\">Durante la visita hanno avuto l&#8217;opportunit\u00e0 di vedere come funziona concretamente la nostra azienda. Il programma prevedeva un tour della produzione, l&#8217;introduzione dei processi produttivi e un&#8217;introduzione alla realt\u00e0 quotidiana di un&#8217;impresa industriale. <\/p>\n<p data-start=\"835\" data-end=\"1144\"><img decoding=\"async\" class=\"alignnone size-full wp-image-5534\" src=\"https:\/\/www.gevorkyan.eu\/wp-content\/uploads\/20260319_094950.jpg\" alt=\"\" width=\"1600\" height=\"1200\"><\/p>\n<p data-start=\"835\" data-end=\"1144\">Apprezziamo molto la collaborazione a lungo termine con l&#8217;Accademia delle Forze Armate e gi\u00e0 oggi vediamo un forte potenziale per il suo ulteriore sviluppo. Una naturale penetrazione \u00e8 anche l&#8217;ulteriore direzione di GEVORKYAN, a.s. nel campo della difesa moderna, dove la cooperazione tra un&#8217;istituzione educativa e la pratica industriale porta un chiaro valore. <\/p>\n<p data-start=\"835\" data-end=\"1144\"><img decoding=\"async\" class=\"alignnone size-full wp-image-5535\" src=\"https:\/\/www.gevorkyan.eu\/wp-content\/uploads\/20260319_095315.jpg\" alt=\"\" width=\"1600\" height=\"1200\"><\/p>\n<p data-start=\"1146\" data-end=\"1306\">Riteniamo che questi incontri contribuiscano anche allo scambio di esperienze, a una migliore conoscenza dell&#8217;ambiente industriale e a creare uno spazio per future attivit\u00e0 congiunte.<\/p>\n<p data-start=\"1308\" data-end=\"1362\">Ti ringraziamo per la tua visita e ci auguriamo di poter collaborare ulteriormente.<\/p>\n<p data-start=\"835\" data-end=\"1144\"><img decoding=\"async\" class=\"alignnone size-full wp-image-5536\" src=\"https:\/\/www.gevorkyan.eu\/wp-content\/uploads\/20260319_101003-rotated.jpg\" alt=\"\" width=\"3000\" height=\"4000\"><\/p>\n<p data-start=\"1430\" data-end=\"1655\"> <\/p>\n<p> <\/p>\n<p> <\/p>\n","protected":false},"excerpt":{"rendered":"<p>La collaborazione tra le istituzioni educative e la pratica industriale \u00e8 sempre pi\u00f9 importante nell&#8217;ambiente attuale. La visita dei cadetti dell&#8217;Accademia delle Forze Armate alla GEVORKYAN \u00e8 stato un altro passo avanti nello sviluppo di questa partnership a lungo termine. Ieri abbiamo dato il benvenuto ai cadetti del 4\u00b0 anno dell&#8217;Accademia delle Forze Armate del [&#8230;]\n","protected":false},"author":4,"featured_media":0,"comment_status":"closed","ping_status":"closed","sticky":false,"template":"","format":"standard","meta":{"_acf_changed":false,"footnotes":""},"categories":[95],"tags":[],"class_list":["post-5568","post","type-post","status-publish","format-standard","hentry","category-notizie"],"acf":[],"_links":{"self":[{"href":"https:\/\/www.gevorkyan.eu\/it\/wp-json\/wp\/v2\/posts\/5568","targetHints":{"allow":["GET"]}}],"collection":[{"href":"https:\/\/www.gevorkyan.eu\/it\/wp-json\/wp\/v2\/posts"}],"about":[{"href":"https:\/\/www.gevorkyan.eu\/it\/wp-json\/wp\/v2\/types\/post"}],"author":[{"embeddable":true,"href":"https:\/\/www.gevorkyan.eu\/it\/wp-json\/wp\/v2\/users\/4"}],"replies":[{"embeddable":true,"href":"https:\/\/www.gevorkyan.eu\/it\/wp-json\/wp\/v2\/comments?post=5568"}],"version-history":[{"count":0,"href":"https:\/\/www.gevorkyan.eu\/it\/wp-json\/wp\/v2\/posts\/5568\/revisions"}],"wp:attachment":[{"href":"https:\/\/www.gevorkyan.eu\/it\/wp-json\/wp\/v2\/media?parent=5568"}],"wp:term":[{"taxonomy":"category","embeddable":true,"href":"https:\/\/www.gevorkyan.eu\/it\/wp-json\/wp\/v2\/categories?post=5568"},{"taxonomy":"post_tag","embeddable":true,"href":"https:\/\/www.gevorkyan.eu\/it\/wp-json\/wp\/v2\/tags?post=5568"}],"curies":[{"name":"wp","href":"https:\/\/api.w.org\/{rel}","templated":true}]}}