{"id":6152,"date":"2026-03-09T11:33:12","date_gmt":"2026-03-09T10:33:12","guid":{"rendered":"https:\/\/www.gevorkyan.eu\/trend-nach-schweden-und-polen-kauft-gevorkyan-in-italien-ein\/"},"modified":"2026-04-22T12:52:54","modified_gmt":"2026-04-22T10:52:54","slug":"trend-nach-schweden-und-polen-kauft-gevorkyan-in-italien-ein","status":"publish","type":"post","link":"https:\/\/www.gevorkyan.eu\/de\/trend-nach-schweden-und-polen-kauft-gevorkyan-in-italien-ein\/","title":{"rendered":"TREND: Nach Schweden und Polen kauft Gevorkyan in Italien ein"},"content":{"rendered":"\n<p><a href=\"_wp_link_platzhalter\" data-wplink-edit=\"true\"><img decoding=\"async\" class=\"alignnone size-full wp-image-5404\" src=\"https:\/\/www.gevorkyan.eu\/wp-content\/uploads\/be5377b4-b004-48c8-95d5-2c6f2599ee87_blob.webp\" alt=\"\" width=\"1024\" height=\"682\"><\/a><\/p>\n\n<p data-start=\"312\" data-end=\"662\"><em>&#8220;Das Unternehmen hat es geschafft, an die Prager B\u00f6rse zu gehen, ein Mitarbeiterbeteiligungsprogramm (ESOP) einzuf\u00fchren und eine Tochtergesellschaft zu gr\u00fcnden, die sich auf die Verteidigungsindustrie konzentriert&#8230;&#8221;<\/em> schreibt Redakteur Peter Scherhaufer.<\/p>\n<p data-start=\"664\" data-end=\"725\">Lesen Sie hier den neuen Artikel \u00fcber GEVORKYAN in <strong data-start=\"713\" data-end=\"724\">TREND <\/strong>: <strong data-start=\"713\" data-end=\"724\"><a href=\"https:\/\/www.trend.sk\/biznis\/svedsku-polsku-nakupuje-gevorkyan-taliansku\" target=\"_blank\" rel=\"noopener\">Nach Schweden und Polen kauft Gevorkyan in Italien ein | TREND<\/a><\/strong><\/p>\n","protected":false},"excerpt":{"rendered":"<p>&#8220;Das Unternehmen hat es geschafft, an die Prager B\u00f6rse zu gehen, ein Mitarbeiterbeteiligungsprogramm (ESOP) einzuf\u00fchren und eine Tochtergesellschaft zu gr\u00fcnden, die sich auf die Verteidigungsindustrie konzentriert&#8230;&#8221; schreibt Redakteur Peter Scherhaufer. Lesen Sie hier den neuen Artikel \u00fcber GEVORKYAN in TREND : Nach Schweden und Polen kauft Gevorkyan in Italien ein | TREND<\/p>\n","protected":false},"author":4,"featured_media":6151,"comment_status":"closed","ping_status":"closed","sticky":false,"template":"","format":"standard","meta":{"_acf_changed":false,"footnotes":""},"categories":[93,137,97],"tags":[],"class_list":["post-6152","post","type-post","status-publish","format-standard","has-post-thumbnail","hentry","category-gevorkyan-in-den-medien","category-gevorkyan-sinteris-italia","category-nachrichten"],"acf":[],"_links":{"self":[{"href":"https:\/\/www.gevorkyan.eu\/de\/wp-json\/wp\/v2\/posts\/6152","targetHints":{"allow":["GET"]}}],"collection":[{"href":"https:\/\/www.gevorkyan.eu\/de\/wp-json\/wp\/v2\/posts"}],"about":[{"href":"https:\/\/www.gevorkyan.eu\/de\/wp-json\/wp\/v2\/types\/post"}],"author":[{"embeddable":true,"href":"https:\/\/www.gevorkyan.eu\/de\/wp-json\/wp\/v2\/users\/4"}],"replies":[{"embeddable":true,"href":"https:\/\/www.gevorkyan.eu\/de\/wp-json\/wp\/v2\/comments?post=6152"}],"version-history":[{"count":0,"href":"https:\/\/www.gevorkyan.eu\/de\/wp-json\/wp\/v2\/posts\/6152\/revisions"}],"wp:featuredmedia":[{"embeddable":true,"href":"https:\/\/www.gevorkyan.eu\/de\/wp-json\/wp\/v2\/media\/6151"}],"wp:attachment":[{"href":"https:\/\/www.gevorkyan.eu\/de\/wp-json\/wp\/v2\/media?parent=6152"}],"wp:term":[{"taxonomy":"category","embeddable":true,"href":"https:\/\/www.gevorkyan.eu\/de\/wp-json\/wp\/v2\/categories?post=6152"},{"taxonomy":"post_tag","embeddable":true,"href":"https:\/\/www.gevorkyan.eu\/de\/wp-json\/wp\/v2\/tags?post=6152"}],"curies":[{"name":"wp","href":"https:\/\/api.w.org\/{rel}","templated":true}]}}