{"id":6127,"date":"2026-03-11T13:59:08","date_gmt":"2026-03-11T12:59:08","guid":{"rendered":"https:\/\/www.gevorkyan.eu\/patria-gevorkyan-beschleunigt-das-wachstum-mit-neuen-projekten-und-uebernahmen-umsatz-und-ebitda-steigen-mit-zweistelligen-raten\/"},"modified":"2026-04-22T10:40:49","modified_gmt":"2026-04-22T08:40:49","slug":"patria-gevorkyan-beschleunigt-das-wachstum-mit-neuen-projekten-und-uebernahmen-umsatz-und-ebitda-steigen-mit-zweistelligen-raten","status":"publish","type":"post","link":"https:\/\/www.gevorkyan.eu\/de\/patria-gevorkyan-beschleunigt-das-wachstum-mit-neuen-projekten-und-uebernahmen-umsatz-und-ebitda-steigen-mit-zweistelligen-raten\/","title":{"rendered":"PATRIA: GEVORKYAN beschleunigt das Wachstum mit neuen Projekten und \u00dcbernahmen. Umsatz und EBITDA steigen mit zweistelligen Raten"},"content":{"rendered":"\n<p class=\"isSelectedEnd\">Nach der Ver\u00f6ffentlichung der vorl\u00e4ufigen wirtschaftlichen Ergebnisse f\u00fcr 2025 gab der Vorstandsvorsitzende von GEVORKYAN dem Finanzportal Patria Finance ein Interview. In dem Gespr\u00e4ch mit Josef N\u011brme\u010dek ging es vor allem um die aktuelle Entwicklung des Unternehmens, neue Projekte, Akquisitionsm\u00f6glichkeiten und das weitere Wachstum des Unternehmens. <\/p>\n<p class=\"isSelectedEnd\">Das Interview behandelt auch die Entwicklung von Umsatz und EBITDA, neue M\u00f6glichkeiten in der europ\u00e4ischen Industrie und die Ausrichtung des Unternehmens in der nahen Zukunft.<\/p>\n<p class=\"isSelectedEnd\"><strong style=\"font-size: revert; color: initial;\">Den Artikel sowie den Video-Podcast finden Sie hier:<\/strong><\/p>\n<p><span style=\"text-decoration: underline;\"><a href=\"https:\/\/www.patria.cz\/zpravodajstvi\/video\/6865708\/gevorkyan-zrychluje-rust-diky-novym-projektum-i-akvizicim-trzby-a-ebitda-pridavaji-dvoucifernym-tempem.html\" target=\"_blank\" rel=\"noopener\">GEVORKYAN beschleunigt Wachstum durch neue Projekte und \u00dcbernahmen. Umsatz und EBITDA steigen zweistellig &#8211; Patria.cz <\/a><\/span><\/p>\n\n<p><img decoding=\"async\" class=\"alignnone size-full wp-image-5420\" src=\"https:\/\/www.gevorkyan.eu\/wp-content\/uploads\/1773159370979-1.jpg\" alt=\"\" width=\"1920\" height=\"1080\"><\/p>\n","protected":false},"excerpt":{"rendered":"<p>Nach der Ver\u00f6ffentlichung der vorl\u00e4ufigen wirtschaftlichen Ergebnisse f\u00fcr 2025 gab der Vorstandsvorsitzende von GEVORKYAN dem Finanzportal Patria Finance ein Interview. In dem Gespr\u00e4ch mit Josef N\u011brme\u010dek ging es vor allem um die aktuelle Entwicklung des Unternehmens, neue Projekte, Akquisitionsm\u00f6glichkeiten und das weitere Wachstum des Unternehmens. Das Interview behandelt auch die Entwicklung von Umsatz und EBITDA, [&#8230;]\n","protected":false},"author":4,"featured_media":6126,"comment_status":"closed","ping_status":"closed","sticky":false,"template":"","format":"standard","meta":{"_acf_changed":false,"footnotes":""},"categories":[92,93],"tags":[],"class_list":["post-6127","post","type-post","status-publish","format-standard","has-post-thumbnail","hentry","category-der-sturm","category-gevorkyan-in-den-medien"],"acf":[],"_links":{"self":[{"href":"https:\/\/www.gevorkyan.eu\/de\/wp-json\/wp\/v2\/posts\/6127","targetHints":{"allow":["GET"]}}],"collection":[{"href":"https:\/\/www.gevorkyan.eu\/de\/wp-json\/wp\/v2\/posts"}],"about":[{"href":"https:\/\/www.gevorkyan.eu\/de\/wp-json\/wp\/v2\/types\/post"}],"author":[{"embeddable":true,"href":"https:\/\/www.gevorkyan.eu\/de\/wp-json\/wp\/v2\/users\/4"}],"replies":[{"embeddable":true,"href":"https:\/\/www.gevorkyan.eu\/de\/wp-json\/wp\/v2\/comments?post=6127"}],"version-history":[{"count":0,"href":"https:\/\/www.gevorkyan.eu\/de\/wp-json\/wp\/v2\/posts\/6127\/revisions"}],"wp:featuredmedia":[{"embeddable":true,"href":"https:\/\/www.gevorkyan.eu\/de\/wp-json\/wp\/v2\/media\/6126"}],"wp:attachment":[{"href":"https:\/\/www.gevorkyan.eu\/de\/wp-json\/wp\/v2\/media?parent=6127"}],"wp:term":[{"taxonomy":"category","embeddable":true,"href":"https:\/\/www.gevorkyan.eu\/de\/wp-json\/wp\/v2\/categories?post=6127"},{"taxonomy":"post_tag","embeddable":true,"href":"https:\/\/www.gevorkyan.eu\/de\/wp-json\/wp\/v2\/tags?post=6127"}],"curies":[{"name":"wp","href":"https:\/\/api.w.org\/{rel}","templated":true}]}}