{"id":6120,"date":"2026-03-16T09:10:40","date_gmt":"2026-03-16T08:10:40","guid":{"rendered":"https:\/\/www.gevorkyan.eu\/an-der-boerse-wie-gevorkyan-das-jahr-2025-einschaetzt\/"},"modified":"2026-04-22T10:37:55","modified_gmt":"2026-04-22T08:37:55","slug":"an-der-boerse-wie-gevorkyan-das-jahr-2025-einschaetzt","status":"publish","type":"post","link":"https:\/\/www.gevorkyan.eu\/de\/an-der-boerse-wie-gevorkyan-das-jahr-2025-einschaetzt\/","title":{"rendered":"An der B\u00f6rse: Wie GEVORKYAN das Jahr 2025 einsch\u00e4tzt"},"content":{"rendered":"\n<p data-start=\"161\" data-end=\"406\">Nach der Ver\u00f6ffentlichung der vorl\u00e4ufigen Finanzergebnisse f\u00fcr 2025 war Artur Gevorkyan zu Gast im <strong data-start=\"259\" data-end=\"271\">Na Burze-Podcast<\/strong>, wo er mit <strong data-start=\"279\" data-end=\"311\">J. Tom\u00e1nek von der Prager B\u00f6rse<\/strong> \u00fcber die wichtigsten Themen, die das vergangene Jahr gepr\u00e4gt haben, sowie \u00fcber die zuk\u00fcnftige Ausrichtung des Unternehmens sprach.<\/p>\n<p data-start=\"408\" data-end=\"704\">In dem Interview sprechen sie \u00fcber Themen wie Akquisitionen, die wachsende Bedeutung der Verteidigungsindustrie, die Dividendenpolitik und die Mitarbeiterbeteiligung in ESOPs. Das Gespr\u00e4ch gibt auch Aufschluss dar\u00fcber, wie das Unternehmen seine vorl\u00e4ufigen Ergebnisse f\u00fcr 2025 bewertet und welche Priorit\u00e4ten es f\u00fcr die kommende Zeit setzt. <\/p>\n<p data-start=\"706\" data-end=\"760\">Der Podcast ist in <strong data-start=\"728\" data-end=\"759\">slowakischer\/tschechischer Sprache<\/strong> verf\u00fcgbar.<\/p>\n<p data-start=\"762\" data-end=\"804\"><strong data-start=\"762\" data-end=\"797\">Sie k\u00f6nnen sich die ganze Folge hier anh\u00f6ren:<\/strong> <a href=\"https:\/\/www.youtube.com\/watch?v=z_ujHJpjf48\" target=\"_blank\" rel=\"noopener\">Weitere \u00dcbernahmen in Italien und Verst\u00e4rkung in der Verteidigungsindustrie. Wie war das Jahr 2025 f\u00fcr GEVORKYAN? &#8211; YouTube<\/a><\/p>\n","protected":false},"excerpt":{"rendered":"<p>Nach der Ver\u00f6ffentlichung der vorl\u00e4ufigen Finanzergebnisse f\u00fcr 2025 war Artur Gevorkyan zu Gast im Na Burze-Podcast, wo er mit J. Tom\u00e1nek von der Prager B\u00f6rse \u00fcber die wichtigsten Themen, die das vergangene Jahr gepr\u00e4gt haben, sowie \u00fcber die zuk\u00fcnftige Ausrichtung des Unternehmens sprach. In dem Interview sprechen sie \u00fcber Themen wie Akquisitionen, die wachsende Bedeutung [&#8230;]\n","protected":false},"author":4,"featured_media":6119,"comment_status":"closed","ping_status":"closed","sticky":false,"template":"","format":"standard","meta":{"_acf_changed":false,"footnotes":""},"categories":[92,93,97],"tags":[],"class_list":["post-6120","post","type-post","status-publish","format-standard","has-post-thumbnail","hentry","category-der-sturm","category-gevorkyan-in-den-medien","category-nachrichten"],"acf":[],"_links":{"self":[{"href":"https:\/\/www.gevorkyan.eu\/de\/wp-json\/wp\/v2\/posts\/6120","targetHints":{"allow":["GET"]}}],"collection":[{"href":"https:\/\/www.gevorkyan.eu\/de\/wp-json\/wp\/v2\/posts"}],"about":[{"href":"https:\/\/www.gevorkyan.eu\/de\/wp-json\/wp\/v2\/types\/post"}],"author":[{"embeddable":true,"href":"https:\/\/www.gevorkyan.eu\/de\/wp-json\/wp\/v2\/users\/4"}],"replies":[{"embeddable":true,"href":"https:\/\/www.gevorkyan.eu\/de\/wp-json\/wp\/v2\/comments?post=6120"}],"version-history":[{"count":0,"href":"https:\/\/www.gevorkyan.eu\/de\/wp-json\/wp\/v2\/posts\/6120\/revisions"}],"wp:featuredmedia":[{"embeddable":true,"href":"https:\/\/www.gevorkyan.eu\/de\/wp-json\/wp\/v2\/media\/6119"}],"wp:attachment":[{"href":"https:\/\/www.gevorkyan.eu\/de\/wp-json\/wp\/v2\/media?parent=6120"}],"wp:term":[{"taxonomy":"category","embeddable":true,"href":"https:\/\/www.gevorkyan.eu\/de\/wp-json\/wp\/v2\/categories?post=6120"},{"taxonomy":"post_tag","embeddable":true,"href":"https:\/\/www.gevorkyan.eu\/de\/wp-json\/wp\/v2\/tags?post=6120"}],"curies":[{"name":"wp","href":"https:\/\/api.w.org\/{rel}","templated":true}]}}