{"id":5560,"date":"2026-03-20T09:16:58","date_gmt":"2026-03-20T08:16:58","guid":{"rendered":"https:\/\/www.gevorkyan.eu\/wenn-die-militaerische-ausbildung-mit-der-industriellen-praxis-verbunden-wird\/"},"modified":"2026-03-20T09:21:47","modified_gmt":"2026-03-20T08:21:47","slug":"wenn-die-militaerische-ausbildung-mit-der-industriellen-praxis-verbunden-wird","status":"publish","type":"post","link":"https:\/\/www.gevorkyan.eu\/de\/wenn-die-militaerische-ausbildung-mit-der-industriellen-praxis-verbunden-wird\/","title":{"rendered":"Wenn die milit\u00e4rische Ausbildung mit der industriellen Praxis verbunden wird"},"content":{"rendered":"\n<h2 class=\"wp-block-heading\"><\/h2>\n\n<p><em>Die Zusammenarbeit zwischen Bildungseinrichtungen und der industriellen Praxis wird im aktuellen Umfeld immer wichtiger. Der Besuch der Kadetten der Akademie der Streitkr\u00e4fte bei GEVORKYAN war ein weiterer Schritt in der Entwicklung dieser langfristigen Partnerschaft. <\/em><\/p>\n<p><img decoding=\"async\" class=\"alignnone size-full wp-image-5537\" src=\"https:\/\/www.gevorkyan.eu\/wp-content\/uploads\/20260319_104433-1.jpeg\" alt=\"\" width=\"3765\" height=\"2824\"><\/p>\n<p data-start=\"490\" data-end=\"628\">Gestern haben wir die Kadetten des 4. Jahrgangs der General Milan Rastislav \u0160tef\u00e1nik Armed Forces Academy bei GEVORKYAN in Vlkanova begr\u00fc\u00dft. <\/p>\n<p data-start=\"630\" data-end=\"833\"><img decoding=\"async\" class=\"alignnone size-full wp-image-5532\" src=\"https:\/\/www.gevorkyan.eu\/wp-content\/uploads\/20260319_090141.jpg\" alt=\"\" width=\"4000\" height=\"3000\"><\/p>\n<p data-start=\"835\" data-end=\"1144\">W\u00e4hrend des Besuchs hatten sie die Gelegenheit zu sehen, wie unser Unternehmen in der Praxis arbeitet. Auf dem Programm standen eine Besichtigung der Produktion, eine Einf\u00fchrung in die Produktionsprozesse und eine Einf\u00fchrung in den Alltag eines Industrieunternehmens. <\/p>\n<p data-start=\"835\" data-end=\"1144\"><img decoding=\"async\" class=\"alignnone size-full wp-image-5534\" src=\"https:\/\/www.gevorkyan.eu\/wp-content\/uploads\/20260319_094950.jpg\" alt=\"\" width=\"1600\" height=\"1200\"><\/p>\n<p data-start=\"835\" data-end=\"1144\">Wir sch\u00e4tzen die langfristige Zusammenarbeit mit der Akademie der Streitkr\u00e4fte sehr und sehen schon heute ein gro\u00dfes Potenzial f\u00fcr ihre weitere Entwicklung. Eine nat\u00fcrliche Durchdringung ist auch die weitere Ausrichtung von GEVORKYAN, a.s. im Bereich der modernen Verteidigung, wo die Zusammenarbeit zwischen einer Bildungseinrichtung und der industriellen Praxis einen klaren Mehrwert bringt. <\/p>\n<p data-start=\"835\" data-end=\"1144\"><img decoding=\"async\" class=\"alignnone size-full wp-image-5535\" src=\"https:\/\/www.gevorkyan.eu\/wp-content\/uploads\/20260319_095315.jpg\" alt=\"\" width=\"1600\" height=\"1200\"><\/p>\n<p data-start=\"1146\" data-end=\"1306\">Wir glauben, dass solche Treffen auch zum Erfahrungsaustausch und zur besseren Kenntnis des industriellen Umfelds beitragen und Raum f\u00fcr zuk\u00fcnftige gemeinsame Aktivit\u00e4ten schaffen.<\/p>\n<p data-start=\"1308\" data-end=\"1362\">Vielen Dank f\u00fcr Ihren Besuch und wir freuen uns auf die weitere Zusammenarbeit.<\/p>\n<p data-start=\"835\" data-end=\"1144\"><img decoding=\"async\" class=\"alignnone size-full wp-image-5536\" src=\"https:\/\/www.gevorkyan.eu\/wp-content\/uploads\/20260319_101003-rotated.jpg\" alt=\"\" width=\"3000\" height=\"4000\"><\/p>\n<p data-start=\"1430\" data-end=\"1655\"> <\/p>\n<p> <\/p>\n<p> <\/p>\n","protected":false},"excerpt":{"rendered":"<p>Die Zusammenarbeit zwischen Bildungseinrichtungen und der industriellen Praxis wird im aktuellen Umfeld immer wichtiger. Der Besuch der Kadetten der Akademie der Streitkr\u00e4fte bei GEVORKYAN war ein weiterer Schritt in der Entwicklung dieser langfristigen Partnerschaft. Gestern haben wir die Kadetten des 4. Jahrgangs der General Milan Rastislav \u0160tef\u00e1nik Armed Forces Academy bei GEVORKYAN in Vlkanova begr\u00fc\u00dft. [&#8230;]\n","protected":false},"author":4,"featured_media":0,"comment_status":"closed","ping_status":"closed","sticky":false,"template":"","format":"standard","meta":{"_acf_changed":false,"footnotes":""},"categories":[97],"tags":[],"class_list":["post-5560","post","type-post","status-publish","format-standard","hentry","category-nachrichten"],"acf":[],"_links":{"self":[{"href":"https:\/\/www.gevorkyan.eu\/de\/wp-json\/wp\/v2\/posts\/5560","targetHints":{"allow":["GET"]}}],"collection":[{"href":"https:\/\/www.gevorkyan.eu\/de\/wp-json\/wp\/v2\/posts"}],"about":[{"href":"https:\/\/www.gevorkyan.eu\/de\/wp-json\/wp\/v2\/types\/post"}],"author":[{"embeddable":true,"href":"https:\/\/www.gevorkyan.eu\/de\/wp-json\/wp\/v2\/users\/4"}],"replies":[{"embeddable":true,"href":"https:\/\/www.gevorkyan.eu\/de\/wp-json\/wp\/v2\/comments?post=5560"}],"version-history":[{"count":0,"href":"https:\/\/www.gevorkyan.eu\/de\/wp-json\/wp\/v2\/posts\/5560\/revisions"}],"wp:attachment":[{"href":"https:\/\/www.gevorkyan.eu\/de\/wp-json\/wp\/v2\/media?parent=5560"}],"wp:term":[{"taxonomy":"category","embeddable":true,"href":"https:\/\/www.gevorkyan.eu\/de\/wp-json\/wp\/v2\/categories?post=5560"},{"taxonomy":"post_tag","embeddable":true,"href":"https:\/\/www.gevorkyan.eu\/de\/wp-json\/wp\/v2\/tags?post=5560"}],"curies":[{"name":"wp","href":"https:\/\/api.w.org\/{rel}","templated":true}]}}