{"id":6146,"date":"2026-03-09T11:33:12","date_gmt":"2026-03-09T10:33:12","guid":{"rendered":"https:\/\/www.gevorkyan.eu\/trend-po-svedsku-a-polsku-nakupuje-gevorkyan-v-italii\/"},"modified":"2026-04-22T12:51:43","modified_gmt":"2026-04-22T10:51:43","slug":"trend-po-svedsku-a-polsku-nakupuje-gevorkyan-v-italii","status":"publish","type":"post","link":"https:\/\/www.gevorkyan.eu\/cs\/trend-po-svedsku-a-polsku-nakupuje-gevorkyan-v-italii\/","title":{"rendered":"TREND: Po \u0160v\u00e9dsku a Polsku nakupuje Gevorkyan v It\u00e1lii"},"content":{"rendered":"\n<p><a href=\"_wp_link_placeholder\" data-wplink-edit=\"true\"><img decoding=\"async\" class=\"alignnone size-full wp-image-5404\" src=\"https:\/\/www.gevorkyan.eu\/wp-content\/uploads\/be5377b4-b004-48c8-95d5-2c6f2599ee87_blob.webp\" alt=\"\" width=\"1024\" height=\"682\"><\/a><\/p>\n\n<p data-start=\"312\" data-end=\"662\"><em>&#8220;Spole\u010dnosti se poda\u0159ilo vstoupit na pra\u017eskou burzu, spustit program zam\u011bstnaneck\u00fdch akci\u00ed (ESOP) a zalo\u017eit dce\u0159inou spole\u010dnost zam\u011b\u0159enou na obrann\u00fd pr\u016fmysl&#8230;&#8221;<\/em> p\u00ed\u0161e redaktor Peter Scherhaufer.<\/p>\n<p data-start=\"664\" data-end=\"725\">P\u0159e\u010dt\u011bte si nov\u00fd \u010dl\u00e1nek o GEVORKYANU v <strong data-start=\"713\" data-end=\"724\">TRENDU <\/strong>zde: <strong data-start=\"713\" data-end=\"724\"><a href=\"https:\/\/www.trend.sk\/biznis\/svedsku-polsku-nakupuje-gevorkyan-taliansku\" target=\"_blank\" rel=\"noopener\">Po \u0160v\u00e9dsku a Polsku nakupuje Gevorkyan v It\u00e1lii | TREND<\/a><\/strong><\/p>\n","protected":false},"excerpt":{"rendered":"<p>&#8220;Spole\u010dnosti se poda\u0159ilo vstoupit na pra\u017eskou burzu, spustit program zam\u011bstnaneck\u00fdch akci\u00ed (ESOP) a zalo\u017eit dce\u0159inou spole\u010dnost zam\u011b\u0159enou na obrann\u00fd pr\u016fmysl&#8230;&#8221; p\u00ed\u0161e redaktor Peter Scherhaufer. P\u0159e\u010dt\u011bte si nov\u00fd \u010dl\u00e1nek o GEVORKYANU v TRENDU zde: Po \u0160v\u00e9dsku a Polsku nakupuje Gevorkyan v It\u00e1lii | TREND<\/p>\n","protected":false},"author":4,"featured_media":6145,"comment_status":"closed","ping_status":"closed","sticky":false,"template":"","format":"standard","meta":{"_acf_changed":false,"footnotes":""},"categories":[133,86,85],"tags":[],"class_list":["post-6146","post","type-post","status-publish","format-standard","has-post-thumbnail","hentry","category-gevorkyan-sinteris-italia","category-gevorkyan-v-mediich","category-zpravy"],"acf":[],"_links":{"self":[{"href":"https:\/\/www.gevorkyan.eu\/cs\/wp-json\/wp\/v2\/posts\/6146","targetHints":{"allow":["GET"]}}],"collection":[{"href":"https:\/\/www.gevorkyan.eu\/cs\/wp-json\/wp\/v2\/posts"}],"about":[{"href":"https:\/\/www.gevorkyan.eu\/cs\/wp-json\/wp\/v2\/types\/post"}],"author":[{"embeddable":true,"href":"https:\/\/www.gevorkyan.eu\/cs\/wp-json\/wp\/v2\/users\/4"}],"replies":[{"embeddable":true,"href":"https:\/\/www.gevorkyan.eu\/cs\/wp-json\/wp\/v2\/comments?post=6146"}],"version-history":[{"count":0,"href":"https:\/\/www.gevorkyan.eu\/cs\/wp-json\/wp\/v2\/posts\/6146\/revisions"}],"wp:featuredmedia":[{"embeddable":true,"href":"https:\/\/www.gevorkyan.eu\/cs\/wp-json\/wp\/v2\/media\/6145"}],"wp:attachment":[{"href":"https:\/\/www.gevorkyan.eu\/cs\/wp-json\/wp\/v2\/media?parent=6146"}],"wp:term":[{"taxonomy":"category","embeddable":true,"href":"https:\/\/www.gevorkyan.eu\/cs\/wp-json\/wp\/v2\/categories?post=6146"},{"taxonomy":"post_tag","embeddable":true,"href":"https:\/\/www.gevorkyan.eu\/cs\/wp-json\/wp\/v2\/tags?post=6146"}],"curies":[{"name":"wp","href":"https:\/\/api.w.org\/{rel}","templated":true}]}}