{"id":6015,"date":"2026-04-14T10:00:00","date_gmt":"2026-04-14T08:00:00","guid":{"rendered":"https:\/\/www.gevorkyan.eu\/?p=6015"},"modified":"2026-04-22T19:26:51","modified_gmt":"2026-04-22T17:26:51","slug":"gevorkyan-sinteris-italia-synergie-rozsiruje-byznys","status":"publish","type":"post","link":"https:\/\/www.gevorkyan.eu\/cs\/gevorkyan-sinteris-italia-synergie-rozsiruje-byznys\/","title":{"rendered":"Gevorkyan Sinteris Italia \u2013 synergie roz\u0161i\u0159uje byznys"},"content":{"rendered":"\n\n\n<p>Prvn\u00ed efekty synergie po akvizici italsk\u00e9ho z\u00e1vodu pr\u00e1\u0161kov\u00e9 metalurgie se za\u010d\u00ednaj\u00ed naplno projevovat.<\/p>\n<p>Jedn\u00edm z prvn\u00edch v\u00fdsledk\u016f je nov\u00fd v\u00fdvojov\u00fd projekt pro v\u00fdznamnou francouzskou spole\u010dnost p\u016fsob\u00edc\u00ed v oblasti hydraulick\u00fdch a elektrick\u00fdch pohon\u016f. Jde o z\u00e1kazn\u00edka p\u016fvodn\u00edho italsk\u00e9ho z\u00e1vodu, p\u0159i\u010dem\u017e v\u00fdvoj bude nov\u011b prob\u00edhat v \u00fazk\u00e9 spolupr\u00e1ci s celoevropsk\u00fdm v\u00fdvojov\u00fdm centrem t\u00e9to skupiny lokalizovan\u00e9m na Slovensku. V\u00fdroba bude zast\u0159e\u0161ov\u00e1na na Slovensku a v It\u00e1lii, dod\u00e1vky budou sm\u011b\u0159ovat do Francie, Slovinska i It\u00e1lie.<\/p>\n<p>Pozitivn\u00ed v\u00fdvoj se projevuje tak\u00e9 v dal\u0161\u00edch segmentech s vysok\u00fdmi n\u00e1roky na kvalitu a spolehlivost. Prost\u0159ednictv\u00edm Gevorkyan Sinteris Italia se po del\u0161\u00edm obdob\u00ed technick\u00e9 p\u0159\u00edpravy a schvalovac\u00edch proces\u016f rozb\u00edhaj\u00ed projekty zam\u011b\u0159en\u00e9 na \u0159e\u0161en\u00ed pro vysokorychlostn\u00ed vlaky a leteck\u00fd pr\u016fmysl. Jde o pozitivn\u00ed zpr\u00e1vu nejen pro italsk\u00fd trh, ale i pro Rakousko a \u010ceskou republiku, kde tato \u0159e\u0161en\u00ed otev\u00edraj\u00ed prostor pro dal\u0161\u00ed obchodn\u00ed a technologick\u00fd rozvoj.<\/p>\n<p>\u201eZa\u010d\u00edn\u00e1me vid\u011bt re\u00e1ln\u00e9 v\u00fdsledky v tom, co jsme od t\u00e9to akvizice o\u010dek\u00e1vali. Gevorkyan Sinteris Italia se postupn\u011b st\u00e1v\u00e1 p\u0159irozenou sou\u010d\u00e1st\u00ed fungov\u00e1n\u00ed cel\u00e9 skupiny, a to nejen ve v\u00fdrob\u011b, ale tak\u00e9 ve v\u00fdvoji, obchodn\u00edch p\u0159\u00edle\u017eitostech a koordinaci dod\u00e1vek pro v\u00edce evropsk\u00fdch trh\u016f. Tato synergie, postaven\u00e1 na tradi\u010dn\u011b vysok\u00e9 technick\u00e9 \u00farovni italsk\u00fdch in\u017een\u00fdr\u016f a excelentn\u00edm v\u00fdvojov\u00e9m t\u00fdmu na Slovensku, p\u0159in\u00e1\u0161\u00ed roz\u0161\u00ed\u0159en\u00ed portfolia nov\u00fdch projekt\u016f, vstup do nov\u00fdch segment\u016f a celosv\u011btov\u00e9 pos\u00edlen\u00ed na\u0161\u00ed pozice na trhu,\u201c uv\u00e1d\u00ed Artur Gevorkyan, p\u0159edseda p\u0159edstavenstva GEVORKYAN, a.s.<\/p>\n<p>\u00a0<\/p>\n<p><strong>O GEVORKYAN<\/strong><\/p>\n<p>GEVORKYAN, a.s. je p\u0159edn\u00ed evropskou spole\u010dnost\u00ed v oblasti pr\u00e1\u0161kov\u00e9 metalurgie, glob\u00e1ln\u00edm dodavatelem velk\u00fdch nadn\u00e1rodn\u00edch spole\u010dnost\u00ed a jednou z nejinovativn\u011bj\u0161\u00edch spole\u010dnost\u00ed v tomto odv\u011btv\u00ed na sv\u011bt\u011b. V\u00edce informac\u00ed naleznete na <a href=\"http:\/\/www.gevorkyan.eu\/cs\">www.gevorkyan.eu<\/a>.<\/p>\n<p><strong>Kontaktn\u00ed informace:<\/strong><\/p>\n<p>M\u00e9dia: Alexandra Hazuchov\u00e1, <a href=\"mailto:marketing@gevorkyan.sk\">marketing@gevorkyan.sk<\/a><\/p>\n","protected":false},"excerpt":{"rendered":"<p>Prvn\u00ed efekty synergie po akvizici italsk\u00e9ho z\u00e1vodu pr\u00e1\u0161kov\u00e9 metalurgie se za\u010d\u00ednaj\u00ed naplno projevovat. Jedn\u00edm z prvn\u00edch v\u00fdsledk\u016f je nov\u00fd v\u00fdvojov\u00fd projekt pro v\u00fdznamnou francouzskou spole\u010dnost p\u016fsob\u00edc\u00ed v oblasti hydraulick\u00fdch a elektrick\u00fdch pohon\u016f. Jde o z\u00e1kazn\u00edka p\u016fvodn\u00edho italsk\u00e9ho z\u00e1vodu, p\u0159i\u010dem\u017e v\u00fdvoj bude nov\u011b prob\u00edhat v \u00fazk\u00e9 spolupr\u00e1ci s celoevropsk\u00fdm v\u00fdvojov\u00fdm centrem t\u00e9to skupiny lokalizovan\u00e9m na Slovensku. [&#8230;]\n","protected":false},"author":4,"featured_media":2962,"comment_status":"closed","ping_status":"closed","sticky":false,"template":"","format":"standard","meta":{"_acf_changed":false,"footnotes":""},"categories":[133,84,85],"tags":[],"class_list":["post-6015","post","type-post","status-publish","format-standard","has-post-thumbnail","hentry","category-gevorkyan-sinteris-italia","category-tiskove-zpravy","category-zpravy"],"acf":[],"_links":{"self":[{"href":"https:\/\/www.gevorkyan.eu\/cs\/wp-json\/wp\/v2\/posts\/6015","targetHints":{"allow":["GET"]}}],"collection":[{"href":"https:\/\/www.gevorkyan.eu\/cs\/wp-json\/wp\/v2\/posts"}],"about":[{"href":"https:\/\/www.gevorkyan.eu\/cs\/wp-json\/wp\/v2\/types\/post"}],"author":[{"embeddable":true,"href":"https:\/\/www.gevorkyan.eu\/cs\/wp-json\/wp\/v2\/users\/4"}],"replies":[{"embeddable":true,"href":"https:\/\/www.gevorkyan.eu\/cs\/wp-json\/wp\/v2\/comments?post=6015"}],"version-history":[{"count":0,"href":"https:\/\/www.gevorkyan.eu\/cs\/wp-json\/wp\/v2\/posts\/6015\/revisions"}],"wp:featuredmedia":[{"embeddable":true,"href":"https:\/\/www.gevorkyan.eu\/cs\/wp-json\/wp\/v2\/media\/2962"}],"wp:attachment":[{"href":"https:\/\/www.gevorkyan.eu\/cs\/wp-json\/wp\/v2\/media?parent=6015"}],"wp:term":[{"taxonomy":"category","embeddable":true,"href":"https:\/\/www.gevorkyan.eu\/cs\/wp-json\/wp\/v2\/categories?post=6015"},{"taxonomy":"post_tag","embeddable":true,"href":"https:\/\/www.gevorkyan.eu\/cs\/wp-json\/wp\/v2\/tags?post=6015"}],"curies":[{"name":"wp","href":"https:\/\/api.w.org\/{rel}","templated":true}]}}