{"id":5544,"date":"2026-03-20T09:16:58","date_gmt":"2026-03-20T08:16:58","guid":{"rendered":"https:\/\/www.gevorkyan.eu\/kdyz-se-vojenske-vzdelavani-propoji-s-prumyslovou-praxi\/"},"modified":"2026-03-20T09:18:32","modified_gmt":"2026-03-20T08:18:32","slug":"kdyz-se-vojenske-vzdelavani-propoji-s-prumyslovou-praxi","status":"publish","type":"post","link":"https:\/\/www.gevorkyan.eu\/cs\/kdyz-se-vojenske-vzdelavani-propoji-s-prumyslovou-praxi\/","title":{"rendered":"Kdy\u017e se vojensk\u00e9 vzd\u011bl\u00e1v\u00e1n\u00ed propoj\u00ed s pr\u016fmyslovou prax\u00ed"},"content":{"rendered":"\n<h2 class=\"wp-block-heading\"><\/h2>\n\n<p><em>Spolupr\u00e1ce mezi vzd\u011bl\u00e1vac\u00edmi institucemi a pr\u016fmyslovou prax\u00ed je v sou\u010dasn\u00e9m prost\u0159ed\u00ed st\u00e1le d\u016fle\u017eit\u011bj\u0161\u00ed. N\u00e1v\u0161t\u011bva kadet\u016f Akademie ozbrojen\u00fdch sil ve spole\u010dnosti GEVORKYAN byla dal\u0161\u00edm krokem v rozvoji tohoto dlouhodob\u00e9ho partnerstv\u00ed. <\/em><\/p>\n<p><img decoding=\"async\" class=\"alignnone size-full wp-image-5537\" src=\"https:\/\/www.gevorkyan.eu\/wp-content\/uploads\/20260319_104433-1.jpeg\" alt=\"\" width=\"3765\" height=\"2824\"><\/p>\n<p data-start=\"490\" data-end=\"628\">V\u010dera jsme ve Vlkanov\u011b p\u0159iv\u00edtali kadety 4. ro\u010dn\u00edku Akademie ozbrojen\u00fdch sil gener\u00e1la Milana Rastislava \u0160tef\u00e1nika GEVORKYAN. <\/p>\n<p data-start=\"630\" data-end=\"833\"><img decoding=\"async\" class=\"alignnone size-full wp-image-5532\" src=\"https:\/\/www.gevorkyan.eu\/wp-content\/uploads\/20260319_090141.jpg\" alt=\"\" width=\"4000\" height=\"3000\"><\/p>\n<p data-start=\"835\" data-end=\"1144\">B\u011bhem n\u00e1v\u0161t\u011bvy m\u011bli mo\u017enost vid\u011bt, jak na\u0161e spole\u010dnost funguje v praxi. Sou\u010d\u00e1st\u00ed programu byla prohl\u00eddka v\u00fdroby, p\u0159edstaven\u00ed v\u00fdrobn\u00edch proces\u016f a sezn\u00e1men\u00ed s ka\u017edodenn\u00ed realitou pr\u016fmyslov\u00e9ho podniku. <\/p>\n<p data-start=\"835\" data-end=\"1144\"><img decoding=\"async\" class=\"alignnone size-full wp-image-5534\" src=\"https:\/\/www.gevorkyan.eu\/wp-content\/uploads\/20260319_094950.jpg\" alt=\"\" width=\"1600\" height=\"1200\"><\/p>\n<p data-start=\"835\" data-end=\"1144\">Dlouhodob\u00e9 spolupr\u00e1ce s Akademi\u00ed ozbrojen\u00fdch sil si velmi v\u00e1\u017e\u00edme a ji\u017e dnes vid\u00edme siln\u00fd potenci\u00e1l pro jej\u00ed dal\u0161\u00ed rozvoj. P\u0159irozen\u00fdm pr\u016fnikem je i dal\u0161\u00ed sm\u011b\u0159ov\u00e1n\u00ed spole\u010dnosti GEVORKYAN, a.s. do oblasti modern\u00ed obrany, kde spolupr\u00e1ce vzd\u011bl\u00e1vac\u00ed instituce a pr\u016fmyslov\u00e9 praxe p\u0159in\u00e1\u0161\u00ed jasnou hodnotu. <\/p>\n<p data-start=\"835\" data-end=\"1144\"><img decoding=\"async\" class=\"alignnone size-full wp-image-5535\" src=\"https:\/\/www.gevorkyan.eu\/wp-content\/uploads\/20260319_095315.jpg\" alt=\"\" width=\"1600\" height=\"1200\"><\/p>\n<p data-start=\"1146\" data-end=\"1306\">V\u011b\u0159\u00edme, \u017ee tato setk\u00e1n\u00ed p\u0159isp\u00edvaj\u00ed tak\u00e9 k v\u00fdm\u011bn\u011b zku\u0161enost\u00ed, lep\u0161\u00edmu pozn\u00e1n\u00ed pr\u016fmyslov\u00e9ho prost\u0159ed\u00ed a vytv\u00e1\u0159ej\u00ed prostor pro budouc\u00ed spole\u010dn\u00e9 aktivity.<\/p>\n<p data-start=\"1308\" data-end=\"1362\">D\u011bkujeme za Va\u0161i n\u00e1v\u0161t\u011bvu a t\u011b\u0161\u00edme se na dal\u0161\u00ed spolupr\u00e1ci.<\/p>\n<p data-start=\"835\" data-end=\"1144\"><img decoding=\"async\" class=\"alignnone size-full wp-image-5536\" src=\"https:\/\/www.gevorkyan.eu\/wp-content\/uploads\/20260319_101003-rotated.jpg\" alt=\"\" width=\"3000\" height=\"4000\"><\/p>\n<p data-start=\"1430\" data-end=\"1655\"> <\/p>\n<p> <\/p>\n<p> <\/p>\n","protected":false},"excerpt":{"rendered":"<p>Spolupr\u00e1ce mezi vzd\u011bl\u00e1vac\u00edmi institucemi a pr\u016fmyslovou prax\u00ed je v sou\u010dasn\u00e9m prost\u0159ed\u00ed st\u00e1le d\u016fle\u017eit\u011bj\u0161\u00ed. N\u00e1v\u0161t\u011bva kadet\u016f Akademie ozbrojen\u00fdch sil ve spole\u010dnosti GEVORKYAN byla dal\u0161\u00edm krokem v rozvoji tohoto dlouhodob\u00e9ho partnerstv\u00ed. V\u010dera jsme ve Vlkanov\u011b p\u0159iv\u00edtali kadety 4. ro\u010dn\u00edku Akademie ozbrojen\u00fdch sil gener\u00e1la Milana Rastislava \u0160tef\u00e1nika GEVORKYAN. B\u011bhem n\u00e1v\u0161t\u011bvy m\u011bli mo\u017enost vid\u011bt, jak na\u0161e spole\u010dnost funguje v [&#8230;]\n","protected":false},"author":4,"featured_media":0,"comment_status":"closed","ping_status":"closed","sticky":false,"template":"","format":"standard","meta":{"_acf_changed":false,"footnotes":""},"categories":[85],"tags":[],"class_list":["post-5544","post","type-post","status-publish","format-standard","hentry","category-zpravy"],"acf":[],"_links":{"self":[{"href":"https:\/\/www.gevorkyan.eu\/cs\/wp-json\/wp\/v2\/posts\/5544","targetHints":{"allow":["GET"]}}],"collection":[{"href":"https:\/\/www.gevorkyan.eu\/cs\/wp-json\/wp\/v2\/posts"}],"about":[{"href":"https:\/\/www.gevorkyan.eu\/cs\/wp-json\/wp\/v2\/types\/post"}],"author":[{"embeddable":true,"href":"https:\/\/www.gevorkyan.eu\/cs\/wp-json\/wp\/v2\/users\/4"}],"replies":[{"embeddable":true,"href":"https:\/\/www.gevorkyan.eu\/cs\/wp-json\/wp\/v2\/comments?post=5544"}],"version-history":[{"count":0,"href":"https:\/\/www.gevorkyan.eu\/cs\/wp-json\/wp\/v2\/posts\/5544\/revisions"}],"wp:attachment":[{"href":"https:\/\/www.gevorkyan.eu\/cs\/wp-json\/wp\/v2\/media?parent=5544"}],"wp:term":[{"taxonomy":"category","embeddable":true,"href":"https:\/\/www.gevorkyan.eu\/cs\/wp-json\/wp\/v2\/categories?post=5544"},{"taxonomy":"post_tag","embeddable":true,"href":"https:\/\/www.gevorkyan.eu\/cs\/wp-json\/wp\/v2\/tags?post=5544"}],"curies":[{"name":"wp","href":"https:\/\/api.w.org\/{rel}","templated":true}]}}